{"id":5521,"date":"2025-11-24T17:51:56","date_gmt":"2025-11-24T20:51:56","guid":{"rendered":"https:\/\/cafecommessias.com.br\/?p=5521"},"modified":"2025-11-24T17:52:17","modified_gmt":"2025-11-24T20:52:17","slug":"governo-trump-inclui-cartel-de-los-soles-que-diz-ser-liderado-por-nicolas-maduro-em-lista-de-grupos-terroristas","status":"publish","type":"post","link":"https:\/\/cafecommessias.com.br\/?p=5521","title":{"rendered":"Governo Trump inclui Cartel de los Soles, que diz ser liderado por Nicol\u00e1s Maduro, em lista de grupos terroristas"},"content":{"rendered":"\n<p>O governo dos&nbsp;Estados Unidos&nbsp;incluiu oficialmente em sua lista de grupos terroristas o Cartel de los Soles, organiza\u00e7\u00e3o venezuelana que os EUA dizem ser chefiada pelo presidente da&nbsp;Venezuela,&nbsp;Nicol\u00e1s Maduro.<\/p>\n\n\n\n<p>A inclus\u00e3o ocorreu nesta segunda-feira (24), cumprindo o prazo que o Departamento de Guerra havia anunciado (veja lista acima), e abre \u201cuma s\u00e9rie de novas op\u00e7\u00f5es para os Estados Unidos\u201d na Venezuela, segundo o secret\u00e1rio de Guerra norte-americano, Pete Hegseth.<\/p>\n\n\n\n<p>A classifica\u00e7\u00e3o, segundo o presidente dos EUA, Donald Trump, d\u00e1 aos EUA o poder de atacar alvos ligados a Maduro em territ\u00f3rio venezuelano. O presidente norte-americano j\u00e1 disse que n\u00e3o deve fazer isso, mas tamb\u00e9m afirmou que \u201ctodas as op\u00e7\u00f5es\u201d est\u00e3o sobre a mesa.<\/p>\n\n\n\n<p>Para o governo dos EUA, Nicol\u00e1s Maduro \u00e9 o chefe de uma organiza\u00e7\u00e3o criminosa&nbsp;chamada Cartel de los Soles, um poderoso grupo que atua no tr\u00e1fico de drogas da Am\u00e9rica do Sul para os EUA, inclusive para desestabilizar a sociedade do pa\u00eds.<\/p>\n\n\n\n<p>Washington acusa ainda o Cartel de los Soles de trabalhar com a gangue venezuelana Tren de Aragua, tamb\u00e9m j\u00e1 designada como organiza\u00e7\u00e3o terrorista estrangeira pelos Estados Unidos, no envio de drogas aos EUA. Maduro nega a acusa\u00e7\u00e3o&nbsp;e a pr\u00f3pria exist\u00eancia do Cartel de los Soles.<\/p>\n\n\n\n<p><em><sub>Por g1<\/sub><\/em><\/p>\n\n\n\n<p><\/p>\n","protected":false},"excerpt":{"rendered":"<p>O governo dos&nbsp;Estados Unidos&nbsp;incluiu oficialmente em sua lista de grupos terroristas o Cartel de los Soles, organiza\u00e7\u00e3o venezuelana que os EUA dizem ser chefiada pelo presidente da&nbsp;Venezuela,&nbsp;Nicol\u00e1s Maduro. A inclus\u00e3o ocorreu nesta segunda-feira (24), cumprindo o prazo que o Departamento de Guerra havia anunciado (veja lista acima), e abre \u201cuma s\u00e9rie de novas op\u00e7\u00f5es para&#8230;<\/p>\n","protected":false},"author":1,"featured_media":5522,"comment_status":"open","ping_status":"closed","sticky":false,"template":"","format":"standard","meta":{"footnotes":""},"categories":[2],"tags":[],"class_list":["post-5521","post","type-post","status-publish","format-standard","has-post-thumbnail","hentry","category-internacional"],"_links":{"self":[{"href":"https:\/\/cafecommessias.com.br\/index.php?rest_route=\/wp\/v2\/posts\/5521","targetHints":{"allow":["GET"]}}],"collection":[{"href":"https:\/\/cafecommessias.com.br\/index.php?rest_route=\/wp\/v2\/posts"}],"about":[{"href":"https:\/\/cafecommessias.com.br\/index.php?rest_route=\/wp\/v2\/types\/post"}],"author":[{"embeddable":true,"href":"https:\/\/cafecommessias.com.br\/index.php?rest_route=\/wp\/v2\/users\/1"}],"replies":[{"embeddable":true,"href":"https:\/\/cafecommessias.com.br\/index.php?rest_route=%2Fwp%2Fv2%2Fcomments&post=5521"}],"version-history":[{"count":1,"href":"https:\/\/cafecommessias.com.br\/index.php?rest_route=\/wp\/v2\/posts\/5521\/revisions"}],"predecessor-version":[{"id":5523,"href":"https:\/\/cafecommessias.com.br\/index.php?rest_route=\/wp\/v2\/posts\/5521\/revisions\/5523"}],"wp:featuredmedia":[{"embeddable":true,"href":"https:\/\/cafecommessias.com.br\/index.php?rest_route=\/wp\/v2\/media\/5522"}],"wp:attachment":[{"href":"https:\/\/cafecommessias.com.br\/index.php?rest_route=%2Fwp%2Fv2%2Fmedia&parent=5521"}],"wp:term":[{"taxonomy":"category","embeddable":true,"href":"https:\/\/cafecommessias.com.br\/index.php?rest_route=%2Fwp%2Fv2%2Fcategories&post=5521"},{"taxonomy":"post_tag","embeddable":true,"href":"https:\/\/cafecommessias.com.br\/index.php?rest_route=%2Fwp%2Fv2%2Ftags&post=5521"}],"curies":[{"name":"wp","href":"https:\/\/api.w.org\/{rel}","templated":true}]}}