{"id":5527,"date":"2025-11-24T17:57:13","date_gmt":"2025-11-24T20:57:13","guid":{"rendered":"https:\/\/cafecommessias.com.br\/?p=5527"},"modified":"2025-11-24T17:57:31","modified_gmt":"2025-11-24T20:57:31","slug":"voos-internacionais-sao-cancelados-na-venezuela-apos-alerta-sobre-aumento-da-atividade-militar","status":"publish","type":"post","link":"https:\/\/cafecommessias.com.br\/?p=5527","title":{"rendered":"Voos internacionais s\u00e3o cancelados na Venezuela ap\u00f3s alerta sobre \u2018aumento da atividade militar\u2019"},"content":{"rendered":"\n<p>Pelo menos seis companhias a\u00e9reas internacionais anunciaram a suspens\u00e3o de voos de e para a Venezuela, ap\u00f3s a Administra\u00e7\u00e3o Federal de Avia\u00e7\u00e3o dos Estados Unidos (FAA, na sigla em ingl\u00eas) alertar sobre os riscos de sobrevoar o espa\u00e7o a\u00e9reo do pa\u00eds sul-americano.<\/p>\n\n\n\n<p>De acordo com a ag\u00eancia de not\u00edcias Reuters, a companhia a\u00e9rea colombiana Avianca, a brasileira Gol e a portuguesa TAP Air Portugal cancelaram no s\u00e1bado (22\/11) suas opera\u00e7\u00f5es a partir de Caracas, capital venezuelana.<\/p>\n\n\n\n<p>A companhia a\u00e9rea espanhola Iberia tamb\u00e9m anunciou no s\u00e1bado a decis\u00e3o de suspender os voos de e para a Venezuela pelas mesmas raz\u00f5es, segundo informou a emissora p\u00fablica RTVE.<\/p>\n\n\n\n<p>A Iberia opera regularmente cinco voos semanais, de segunda \u00e0 sexta, com partida de Maiquet\u00eda. O primeiro voo afetado estava agendado para esta segunda-feira (24\/11).<\/p>\n\n\n\n<p>A Ib\u00e9ria disse que seguir\u00e1 avaliando a situa\u00e7\u00e3o para definir a retomada das opera\u00e7\u00f5es.<\/p>\n\n\n\n<p>Por sua vez, a chilena Latam Airlines cancelou os seus voos previstos para os dias 23\/11 e 24\/11 na rota Bogot\u00e1-Caracas-Bogot\u00e1. No s\u00e1bado (22\/11), a companhia divulgou um documento com as alternativas para passageiros afetados pela suspens\u00e3o preventiva dos voos.<\/p>\n\n\n\n<p><strong>\u2018Agravamento da situa\u00e7\u00e3o de seguran\u00e7a\u2019<\/strong><\/p>\n\n\n\n<p>O cancelamento das opera\u00e7\u00f5es por parte das companhias a\u00e9reas \u00e9 uma resposta a um alerta emitido na sexta-feira (21\/11) pela FAA, indicando que havia uma \u201csitua\u00e7\u00e3o potencialmente perigosa\u201d no espa\u00e7o a\u00e9reo controlado pelo Aeroporto Internacional de Maiquet\u00eda, que atende Caracas.<\/p>\n\n\n\n<p>As autoridades dos EUA recomendaram que as companhias a\u00e9reas tenham cautela ao operar no espa\u00e7o a\u00e9reo devido ao \u201cagravamento da situa\u00e7\u00e3o de seguran\u00e7a e ao aumento da atividade militar ao redor da Venezuela\u201d.<\/p>\n\n\n\n<p>\u201cAs amea\u00e7as podem representar um risco potencial para as aeronaves a todas as altitudes, incluindo durante os sobrevoos, as fases de chegada e partidas de voos, e\/ou para aeroportos e aeronaves em terra\u201d, disseram em comunicado.<\/p>\n\n\n\n<p>O alerta da FAA surge ap\u00f3s v\u00e1rios meses de refor\u00e7o militar dos EUA em \u00e1guas do Caribe, e nas proximidades da Venezuela.<\/p>\n\n\n\n<p><em><sub>Por Correio Braziliense<\/sub><\/em><\/p>\n\n\n\n<p><\/p>\n","protected":false},"excerpt":{"rendered":"<p>Pelo menos seis companhias a\u00e9reas internacionais anunciaram a suspens\u00e3o de voos de e para a Venezuela, ap\u00f3s a Administra\u00e7\u00e3o Federal de Avia\u00e7\u00e3o dos Estados Unidos (FAA, na sigla em ingl\u00eas) alertar sobre os riscos de sobrevoar o espa\u00e7o a\u00e9reo do pa\u00eds sul-americano. De acordo com a ag\u00eancia de not\u00edcias Reuters, a companhia a\u00e9rea colombiana Avianca,&#8230;<\/p>\n","protected":false},"author":1,"featured_media":5528,"comment_status":"open","ping_status":"closed","sticky":false,"template":"","format":"standard","meta":{"footnotes":""},"categories":[3],"tags":[],"class_list":["post-5527","post","type-post","status-publish","format-standard","has-post-thumbnail","hentry","category-geral"],"_links":{"self":[{"href":"https:\/\/cafecommessias.com.br\/index.php?rest_route=\/wp\/v2\/posts\/5527","targetHints":{"allow":["GET"]}}],"collection":[{"href":"https:\/\/cafecommessias.com.br\/index.php?rest_route=\/wp\/v2\/posts"}],"about":[{"href":"https:\/\/cafecommessias.com.br\/index.php?rest_route=\/wp\/v2\/types\/post"}],"author":[{"embeddable":true,"href":"https:\/\/cafecommessias.com.br\/index.php?rest_route=\/wp\/v2\/users\/1"}],"replies":[{"embeddable":true,"href":"https:\/\/cafecommessias.com.br\/index.php?rest_route=%2Fwp%2Fv2%2Fcomments&post=5527"}],"version-history":[{"count":1,"href":"https:\/\/cafecommessias.com.br\/index.php?rest_route=\/wp\/v2\/posts\/5527\/revisions"}],"predecessor-version":[{"id":5529,"href":"https:\/\/cafecommessias.com.br\/index.php?rest_route=\/wp\/v2\/posts\/5527\/revisions\/5529"}],"wp:featuredmedia":[{"embeddable":true,"href":"https:\/\/cafecommessias.com.br\/index.php?rest_route=\/wp\/v2\/media\/5528"}],"wp:attachment":[{"href":"https:\/\/cafecommessias.com.br\/index.php?rest_route=%2Fwp%2Fv2%2Fmedia&parent=5527"}],"wp:term":[{"taxonomy":"category","embeddable":true,"href":"https:\/\/cafecommessias.com.br\/index.php?rest_route=%2Fwp%2Fv2%2Fcategories&post=5527"},{"taxonomy":"post_tag","embeddable":true,"href":"https:\/\/cafecommessias.com.br\/index.php?rest_route=%2Fwp%2Fv2%2Ftags&post=5527"}],"curies":[{"name":"wp","href":"https:\/\/api.w.org\/{rel}","templated":true}]}}