{"id":5530,"date":"2025-11-25T07:41:53","date_gmt":"2025-11-25T10:41:53","guid":{"rendered":"https:\/\/cafecommessias.com.br\/?p=5530"},"modified":"2025-11-25T07:43:58","modified_gmt":"2025-11-25T10:43:58","slug":"motta-mantem-ponte-com-lula-apesar-de-rompimento-com-lider-do-pt-na-camara","status":"publish","type":"post","link":"https:\/\/cafecommessias.com.br\/?p=5530","title":{"rendered":"Motta mant\u00e9m ponte com Lula apesar de rompimento com l\u00edder do PT na C\u00e2mara"},"content":{"rendered":"\n<p>A tens\u00e3o entre o presidente da C\u00e2mara, Hugo Motta, e o l\u00edder do PT na Casa, Lindbergh Farias, n\u00e3o se estendeu ao Pal\u00e1cio do Planalto. Apesar do corte de di\u00e1logo com o petista, Motta afirmou a aliados que sabe separar sua rela\u00e7\u00e3o com Lindbergh da que mant\u00e9m com o presidente Lula, garantindo que a interlocu\u00e7\u00e3o institucional segue preservada. Como prova disso, citou o bom tr\u00e2nsito que mant\u00e9m com o l\u00edder do governo na C\u00e2mara, Jos\u00e9 Guimar\u00e3es (PT).<\/p>\n\n\n\n<p>A informa\u00e7\u00e3o \u00e9 da coluna do Paulo Cappelli, do Metr\u00f3poles. Do lado do Planalto, a avalia\u00e7\u00e3o tamb\u00e9m \u00e9 de que n\u00e3o h\u00e1 interesse em criar um desgaste com Motta. Com o ano eleitoral se aproximando, Lula considera pouco estrat\u00e9gico entrar em confronto com o presidente da C\u00e2mara, respons\u00e1vel por organizar a pauta legislativa e influenciar diretamente o ritmo das vota\u00e7\u00f5es.<\/p>\n\n\n\n<p>A crise foi desencadeada ap\u00f3s Lindbergh criticar duramente a atua\u00e7\u00e3o de Motta na condu\u00e7\u00e3o da vota\u00e7\u00e3o do projeto de lei Antifac\u00e7\u00e3o. Em entrevista recente, o l\u00edder petista classificou o processo como uma \u201clamban\u00e7a\u201d e acusou o presidente da C\u00e2mara de agir errado \u201cdo come\u00e7o ao fim\u201d.<\/p>\n\n\n\n<p>Segundo Lindbergh, a escolha do relator \u2014 Guilherme Derrite (PP) \u2014 exemplifica o problema. Ele afirmou que, embora o governo n\u00e3o exigisse um relator petista, era fundamental designar algu\u00e9m neutro, com capacidade de di\u00e1logo, o que, para ele, n\u00e3o ocorreu.<\/p>\n\n\n\n<p><em><sub>Por Metr\u00f3poles<\/sub><\/em><\/p>\n\n\n\n<p><\/p>\n","protected":false},"excerpt":{"rendered":"<p>A tens\u00e3o entre o presidente da C\u00e2mara, Hugo Motta, e o l\u00edder do PT na Casa, Lindbergh Farias, n\u00e3o se estendeu ao Pal\u00e1cio do Planalto. Apesar do corte de di\u00e1logo com o petista, Motta afirmou a aliados que sabe separar sua rela\u00e7\u00e3o com Lindbergh da que mant\u00e9m com o presidente Lula, garantindo que a interlocu\u00e7\u00e3o&#8230;<\/p>\n","protected":false},"author":1,"featured_media":5531,"comment_status":"open","ping_status":"closed","sticky":false,"template":"","format":"standard","meta":{"footnotes":""},"categories":[6],"tags":[],"class_list":["post-5530","post","type-post","status-publish","format-standard","has-post-thumbnail","hentry","category-politica"],"_links":{"self":[{"href":"https:\/\/cafecommessias.com.br\/index.php?rest_route=\/wp\/v2\/posts\/5530","targetHints":{"allow":["GET"]}}],"collection":[{"href":"https:\/\/cafecommessias.com.br\/index.php?rest_route=\/wp\/v2\/posts"}],"about":[{"href":"https:\/\/cafecommessias.com.br\/index.php?rest_route=\/wp\/v2\/types\/post"}],"author":[{"embeddable":true,"href":"https:\/\/cafecommessias.com.br\/index.php?rest_route=\/wp\/v2\/users\/1"}],"replies":[{"embeddable":true,"href":"https:\/\/cafecommessias.com.br\/index.php?rest_route=%2Fwp%2Fv2%2Fcomments&post=5530"}],"version-history":[{"count":1,"href":"https:\/\/cafecommessias.com.br\/index.php?rest_route=\/wp\/v2\/posts\/5530\/revisions"}],"predecessor-version":[{"id":5532,"href":"https:\/\/cafecommessias.com.br\/index.php?rest_route=\/wp\/v2\/posts\/5530\/revisions\/5532"}],"wp:featuredmedia":[{"embeddable":true,"href":"https:\/\/cafecommessias.com.br\/index.php?rest_route=\/wp\/v2\/media\/5531"}],"wp:attachment":[{"href":"https:\/\/cafecommessias.com.br\/index.php?rest_route=%2Fwp%2Fv2%2Fmedia&parent=5530"}],"wp:term":[{"taxonomy":"category","embeddable":true,"href":"https:\/\/cafecommessias.com.br\/index.php?rest_route=%2Fwp%2Fv2%2Fcategories&post=5530"},{"taxonomy":"post_tag","embeddable":true,"href":"https:\/\/cafecommessias.com.br\/index.php?rest_route=%2Fwp%2Fv2%2Ftags&post=5530"}],"curies":[{"name":"wp","href":"https:\/\/api.w.org\/{rel}","templated":true}]}}