{"id":5533,"date":"2025-11-25T07:49:08","date_gmt":"2025-11-25T10:49:08","guid":{"rendered":"https:\/\/cafecommessias.com.br\/?p=5533"},"modified":"2025-11-25T07:49:23","modified_gmt":"2025-11-25T10:49:23","slug":"ala-do-governo-sugere-que-jorge-messias-ajuste-articulacao-para-conseguir-vaga-no-stf","status":"publish","type":"post","link":"https:\/\/cafecommessias.com.br\/?p=5533","title":{"rendered":"Ala do governo sugere que Jorge Messias ajuste articula\u00e7\u00e3o para conseguir vaga no STF"},"content":{"rendered":"\n<p>Integrantes influentes do governo Lula avaliam que o advogado-geral da Uni\u00e3o, Jorge Messias, precisa recalibrar sua estrat\u00e9gia para superar resist\u00eancias no Senado e garantir a aprova\u00e7\u00e3o para o Supremo Tribunal Federal. A orienta\u00e7\u00e3o, discutida nos bastidores, \u00e9 que ele reduza o foco em entidades jur\u00eddicas e l\u00edderes evang\u00e9licos e concentre seus esfor\u00e7os diretamente nos senadores que ainda se op\u00f5em ao seu nome.<\/p>\n\n\n\n<p>A informa\u00e7\u00e3o \u00e9 do Igor Gadelha, do&nbsp;<strong><em>Metr\u00f3poles<\/em><\/strong>. Segundo interlocutores do governo no Legislativo, Messias foi aconselhado a buscar aproxima\u00e7\u00e3o com lideran\u00e7as estrat\u00e9gicas da Casa, capazes de influenciar votos e abrir caminho para sua aprova\u00e7\u00e3o. A aposta \u00e9 que um di\u00e1logo mais direto e pol\u00edtico com os parlamentares pode ser decisivo para reverter parte das resist\u00eancias.<\/p>\n\n\n\n<p>Durante essas conversas, o indicado de Lula tamb\u00e9m foi orientado a apresentar alternativas para temas sens\u00edveis ao Senado, especialmente quest\u00f5es ligadas \u00e0s emendas parlamentares \u2014 um dos principais pontos de inc\u00f4modo entre congressistas. A expectativa \u00e9 que um gesto claro de di\u00e1logo ajude Messias a construir a base m\u00ednima necess\u00e1ria para assumir a vaga no STF.<\/p>\n\n\n\n<p><em><sub>Por Metr\u00f3poles<\/sub><\/em><\/p>\n\n\n\n<p><\/p>\n","protected":false},"excerpt":{"rendered":"<p>Integrantes influentes do governo Lula avaliam que o advogado-geral da Uni\u00e3o, Jorge Messias, precisa recalibrar sua estrat\u00e9gia para superar resist\u00eancias no Senado e garantir a aprova\u00e7\u00e3o para o Supremo Tribunal Federal. A orienta\u00e7\u00e3o, discutida nos bastidores, \u00e9 que ele reduza o foco em entidades jur\u00eddicas e l\u00edderes evang\u00e9licos e concentre seus esfor\u00e7os diretamente nos senadores&#8230;<\/p>\n","protected":false},"author":1,"featured_media":5534,"comment_status":"open","ping_status":"closed","sticky":false,"template":"","format":"standard","meta":{"footnotes":""},"categories":[37],"tags":[],"class_list":["post-5533","post","type-post","status-publish","format-standard","has-post-thumbnail","hentry","category-brasil"],"_links":{"self":[{"href":"https:\/\/cafecommessias.com.br\/index.php?rest_route=\/wp\/v2\/posts\/5533","targetHints":{"allow":["GET"]}}],"collection":[{"href":"https:\/\/cafecommessias.com.br\/index.php?rest_route=\/wp\/v2\/posts"}],"about":[{"href":"https:\/\/cafecommessias.com.br\/index.php?rest_route=\/wp\/v2\/types\/post"}],"author":[{"embeddable":true,"href":"https:\/\/cafecommessias.com.br\/index.php?rest_route=\/wp\/v2\/users\/1"}],"replies":[{"embeddable":true,"href":"https:\/\/cafecommessias.com.br\/index.php?rest_route=%2Fwp%2Fv2%2Fcomments&post=5533"}],"version-history":[{"count":1,"href":"https:\/\/cafecommessias.com.br\/index.php?rest_route=\/wp\/v2\/posts\/5533\/revisions"}],"predecessor-version":[{"id":5535,"href":"https:\/\/cafecommessias.com.br\/index.php?rest_route=\/wp\/v2\/posts\/5533\/revisions\/5535"}],"wp:featuredmedia":[{"embeddable":true,"href":"https:\/\/cafecommessias.com.br\/index.php?rest_route=\/wp\/v2\/media\/5534"}],"wp:attachment":[{"href":"https:\/\/cafecommessias.com.br\/index.php?rest_route=%2Fwp%2Fv2%2Fmedia&parent=5533"}],"wp:term":[{"taxonomy":"category","embeddable":true,"href":"https:\/\/cafecommessias.com.br\/index.php?rest_route=%2Fwp%2Fv2%2Fcategories&post=5533"},{"taxonomy":"post_tag","embeddable":true,"href":"https:\/\/cafecommessias.com.br\/index.php?rest_route=%2Fwp%2Fv2%2Ftags&post=5533"}],"curies":[{"name":"wp","href":"https:\/\/api.w.org\/{rel}","templated":true}]}}