{"id":5549,"date":"2025-11-25T08:13:05","date_gmt":"2025-11-25T11:13:05","guid":{"rendered":"https:\/\/cafecommessias.com.br\/?p=5549"},"modified":"2025-11-25T08:21:07","modified_gmt":"2025-11-25T11:21:07","slug":"governo-ameaca-ir-ao-stf-se-avancar-aposentadoria-especial-para-agentes-de-saude","status":"publish","type":"post","link":"https:\/\/cafecommessias.com.br\/?p=5549","title":{"rendered":"Governo amea\u00e7a ir ao STF se avan\u00e7ar aposentadoria especial para agentes de sa\u00fade"},"content":{"rendered":"\n<p>O ministro interino da Fazenda, Dario Durigan, afirmou nesta segunda-feira (24) que o governo Lula pode recorrer ao STF caso avance no Congresso o projeto de lei complementar 185\/2024, que cria aposentadoria especial para agentes comunit\u00e1rios de sa\u00fade e de combate a endemias. A proposta, pautada por Davi Alcolumbre (Uni\u00e3o Brasil-AP), deve ser votada no Senado nesta ter\u00e7a-feira (25).<\/p>\n\n\n\n<p>Durigan disse que a aprova\u00e7\u00e3o do texto obrigaria o governo a vet\u00e1-lo \u2014 e, caso o veto fosse derrubado, n\u00e3o restaria alternativa sen\u00e3o judicializar o tema. Segundo ele, a proposta n\u00e3o apresenta fonte de compensa\u00e7\u00e3o para o aumento de despesas, requisito previsto na legisla\u00e7\u00e3o.<\/p>\n\n\n\n<p>Dados do Minist\u00e9rio da Previd\u00eancia aos quais o Poder360 teve acesso estimam impacto de R$ 24,72 bilh\u00f5es em dez anos, afetando tanto o RGPS, administrado pelo INSS, quanto o RPPS, destinado a servidores p\u00fablicos concursados. O ministro interino evitou confirmar n\u00fameros, afirmando ter solicitado detalhamento \u00e0 pasta.<\/p>\n\n\n\n<p>Durigan fez um apelo p\u00fablico para que os parlamentares n\u00e3o aprovem o projeto. \u201cEsse texto tem um impacto muito grande para os cofres p\u00fablicos. \u00c9 muito ruim do ponto de vista fiscal e n\u00e3o deveria avan\u00e7ar\u201d, declarou. Ele lembrou que o governo j\u00e1 acionou o STF em outras ocasi\u00f5es em que o Congresso aprovou medidas sem indicar fonte de receita.<\/p>\n\n\n\n<p>Apesar das cr\u00edticas, o ministro tamb\u00e9m buscou amenizar o tom e elogiou o papel do Legislativo na agenda econ\u00f4mica. \u201cTodo resultado positivo da economia deve ser compartilhado com o Congresso, que ajudou muito no avan\u00e7o das pautas\u201d, afirmou.<\/p>\n\n\n\n<p><em><sub>Por Poder 360<\/sub><\/em><\/p>\n\n\n\n<p class=\"has-text-align-center\"><strong><em>PUBLICIDADE<\/em><\/strong><\/p>\n\n\n\n<figure class=\"wp-block-image size-full\"><img loading=\"lazy\" decoding=\"async\" width=\"750\" height=\"200\" src=\"https:\/\/cafecommessias.com.br\/wp-content\/uploads\/2025\/11\/4393523284158855043-1.gif\" alt=\"\" class=\"wp-image-5553\"\/><\/figure>\n","protected":false},"excerpt":{"rendered":"<p>O ministro interino da Fazenda, Dario Durigan, afirmou nesta segunda-feira (24) que o governo Lula pode recorrer ao STF caso avance no Congresso o projeto de lei complementar 185\/2024, que cria aposentadoria especial para agentes comunit\u00e1rios de sa\u00fade e de combate a endemias. A proposta, pautada por Davi Alcolumbre (Uni\u00e3o Brasil-AP), deve ser votada no&#8230;<\/p>\n","protected":false},"author":1,"featured_media":5550,"comment_status":"open","ping_status":"closed","sticky":false,"template":"","format":"standard","meta":{"footnotes":""},"categories":[3],"tags":[],"class_list":["post-5549","post","type-post","status-publish","format-standard","has-post-thumbnail","hentry","category-geral"],"_links":{"self":[{"href":"https:\/\/cafecommessias.com.br\/index.php?rest_route=\/wp\/v2\/posts\/5549","targetHints":{"allow":["GET"]}}],"collection":[{"href":"https:\/\/cafecommessias.com.br\/index.php?rest_route=\/wp\/v2\/posts"}],"about":[{"href":"https:\/\/cafecommessias.com.br\/index.php?rest_route=\/wp\/v2\/types\/post"}],"author":[{"embeddable":true,"href":"https:\/\/cafecommessias.com.br\/index.php?rest_route=\/wp\/v2\/users\/1"}],"replies":[{"embeddable":true,"href":"https:\/\/cafecommessias.com.br\/index.php?rest_route=%2Fwp%2Fv2%2Fcomments&post=5549"}],"version-history":[{"count":2,"href":"https:\/\/cafecommessias.com.br\/index.php?rest_route=\/wp\/v2\/posts\/5549\/revisions"}],"predecessor-version":[{"id":5554,"href":"https:\/\/cafecommessias.com.br\/index.php?rest_route=\/wp\/v2\/posts\/5549\/revisions\/5554"}],"wp:featuredmedia":[{"embeddable":true,"href":"https:\/\/cafecommessias.com.br\/index.php?rest_route=\/wp\/v2\/media\/5550"}],"wp:attachment":[{"href":"https:\/\/cafecommessias.com.br\/index.php?rest_route=%2Fwp%2Fv2%2Fmedia&parent=5549"}],"wp:term":[{"taxonomy":"category","embeddable":true,"href":"https:\/\/cafecommessias.com.br\/index.php?rest_route=%2Fwp%2Fv2%2Fcategories&post=5549"},{"taxonomy":"post_tag","embeddable":true,"href":"https:\/\/cafecommessias.com.br\/index.php?rest_route=%2Fwp%2Fv2%2Ftags&post=5549"}],"curies":[{"name":"wp","href":"https:\/\/api.w.org\/{rel}","templated":true}]}}