{"id":5572,"date":"2025-11-26T09:21:28","date_gmt":"2025-11-26T12:21:28","guid":{"rendered":"https:\/\/cafecommessias.com.br\/?p=5572"},"modified":"2025-11-26T09:22:25","modified_gmt":"2025-11-26T12:22:25","slug":"bolsonaro-e-militares-do-nucleo-1-passam-por-audiencia-de-custodia-nesta-quarta-feira-26","status":"publish","type":"post","link":"https:\/\/cafecommessias.com.br\/?p=5572","title":{"rendered":"Bolsonaro e militares do n\u00facleo 1 passam por audi\u00eancia de cust\u00f3dia nesta quarta-feira (26)"},"content":{"rendered":"\n<p>O ex-presidente Jair Bolsonaro e outros cinco condenados do n\u00facleo 1 da trama golpista ser\u00e3o submetidos a audi\u00eancia de cust\u00f3dia nesta quarta-feira (26), etapa obrigat\u00f3ria ap\u00f3s o in\u00edcio do cumprimento das penas. As sess\u00f5es, todas remotas, ter\u00e3o cerca de 30 minutos e ocorrem entre 13h e 15h30, diretamente dos locais onde cada um est\u00e1 preso.<\/p>\n\n\n\n<p>A audi\u00eancia de cust\u00f3dia serve para verificar se a ordem de pris\u00e3o foi executada dentro da legalidade e conta com a participa\u00e7\u00e3o da defesa e do Minist\u00e9rio P\u00fablico. Entre os condenados, apenas o deputado Alexandre Ramagem n\u00e3o participar\u00e1 \u2014 ele est\u00e1 foragido nos Estados Unidos, e o ministro Alexandre de Moraes determinou que a Pol\u00edcia Federal adote medidas para sua extradi\u00e7\u00e3o.<\/p>\n\n\n\n<p>Na v\u00e9spera, a Primeira Turma do STF manteve, por unanimidade, a decis\u00e3o de Moraes que negou os \u00faltimos recursos das defesas, consolidando o in\u00edcio das execu\u00e7\u00f5es penais. Bolsonaro, Braga Netto, Anderson Torres, Augusto Heleno, Almir Garnier e Paulo S\u00e9rgio Nogueira cumprir\u00e3o penas que variam entre 19 e 27 anos, todas em regime inicial fechado. Mauro Cid, que j\u00e1 havia iniciado o cumprimento da pena em outubro, segue em regime aberto.<\/p>\n\n\n\n<p>As audi\u00eancias foram distribu\u00eddas entre diferentes unidades militares e policiais: Almir Garnier \u00e0s 13h; Anderson Torres \u00e0s 13h30; Augusto Heleno \u00e0s 14h; Bolsonaro \u00e0s 14h30; Paulo S\u00e9rgio Nogueira \u00e0s 15h; e Braga Netto \u00e0s 15h30. A an\u00e1lise judicial ser\u00e1 individual, mas integra o mesmo processo que levou \u00e0 condena\u00e7\u00e3o dos integrantes do n\u00facleo de comando da tentativa de golpe.<\/p>\n\n\n\n<p><em><sub>Por CNN<\/sub><\/em><\/p>\n\n\n\n<p class=\"has-text-align-center\"><strong><em>PUBLICIDADE<\/em><\/strong><\/p>\n\n\n\n<figure class=\"wp-block-image size-full\"><img loading=\"lazy\" decoding=\"async\" width=\"750\" height=\"200\" src=\"https:\/\/cafecommessias.com.br\/wp-content\/uploads\/2025\/11\/4393523284158855043-1.gif\" alt=\"\" class=\"wp-image-5553\"\/><\/figure>\n\n\n\n<p><a href=\"https:\/\/www.blogdobg.com.br\/bolsonaro-e-militares-do-nucleo-1-passam-por-audiencia-de-custodia-nesta-quarta-feira-26\/#comentarios\"><\/a><\/p>\n\n\n\n<p><a href=\"tg:\/\/msg?text=https%3A%2F%2Fwww.blogdobg.com.br%2Fbolsonaro-e-militares-do-nucleo-1-passam-por-audiencia-de-custodia-nesta-quarta-feira-26%2F%20Bolsonaro%20e%20militares%20do%20n%C3%BAcleo%201%20passam%20por%20audi%C3%AAncia%20de%20cust%C3%B3dia%20nesta%20quarta-feira%20(26)\"><\/a><\/p>\n","protected":false},"excerpt":{"rendered":"<p>O ex-presidente Jair Bolsonaro e outros cinco condenados do n\u00facleo 1 da trama golpista ser\u00e3o submetidos a audi\u00eancia de cust\u00f3dia nesta quarta-feira (26), etapa obrigat\u00f3ria ap\u00f3s o in\u00edcio do cumprimento das penas. As sess\u00f5es, todas remotas, ter\u00e3o cerca de 30 minutos e ocorrem entre 13h e 15h30, diretamente dos locais onde cada um est\u00e1 preso&#8230;.<\/p>\n","protected":false},"author":1,"featured_media":5573,"comment_status":"open","ping_status":"closed","sticky":false,"template":"","format":"standard","meta":{"footnotes":""},"categories":[6],"tags":[],"class_list":["post-5572","post","type-post","status-publish","format-standard","has-post-thumbnail","hentry","category-politica"],"_links":{"self":[{"href":"https:\/\/cafecommessias.com.br\/index.php?rest_route=\/wp\/v2\/posts\/5572","targetHints":{"allow":["GET"]}}],"collection":[{"href":"https:\/\/cafecommessias.com.br\/index.php?rest_route=\/wp\/v2\/posts"}],"about":[{"href":"https:\/\/cafecommessias.com.br\/index.php?rest_route=\/wp\/v2\/types\/post"}],"author":[{"embeddable":true,"href":"https:\/\/cafecommessias.com.br\/index.php?rest_route=\/wp\/v2\/users\/1"}],"replies":[{"embeddable":true,"href":"https:\/\/cafecommessias.com.br\/index.php?rest_route=%2Fwp%2Fv2%2Fcomments&post=5572"}],"version-history":[{"count":2,"href":"https:\/\/cafecommessias.com.br\/index.php?rest_route=\/wp\/v2\/posts\/5572\/revisions"}],"predecessor-version":[{"id":5575,"href":"https:\/\/cafecommessias.com.br\/index.php?rest_route=\/wp\/v2\/posts\/5572\/revisions\/5575"}],"wp:featuredmedia":[{"embeddable":true,"href":"https:\/\/cafecommessias.com.br\/index.php?rest_route=\/wp\/v2\/media\/5573"}],"wp:attachment":[{"href":"https:\/\/cafecommessias.com.br\/index.php?rest_route=%2Fwp%2Fv2%2Fmedia&parent=5572"}],"wp:term":[{"taxonomy":"category","embeddable":true,"href":"https:\/\/cafecommessias.com.br\/index.php?rest_route=%2Fwp%2Fv2%2Fcategories&post=5572"},{"taxonomy":"post_tag","embeddable":true,"href":"https:\/\/cafecommessias.com.br\/index.php?rest_route=%2Fwp%2Fv2%2Ftags&post=5572"}],"curies":[{"name":"wp","href":"https:\/\/api.w.org\/{rel}","templated":true}]}}