{"id":5579,"date":"2025-11-26T09:38:31","date_gmt":"2025-11-26T12:38:31","guid":{"rendered":"https:\/\/cafecommessias.com.br\/?p=5579"},"modified":"2025-11-26T09:40:10","modified_gmt":"2025-11-26T12:40:10","slug":"clima-tenso-com-o-congresso-pode-esvaziar-ato-de-lula-para-sancionar-isencao-do-ir","status":"publish","type":"post","link":"https:\/\/cafecommessias.com.br\/?p=5579","title":{"rendered":"Clima tenso com o Congresso pode esvaziar ato de Lula para sancionar isen\u00e7\u00e3o do IR"},"content":{"rendered":"\n<p>O desgaste entre o Pal\u00e1cio do Planalto e o Congresso Nacional amea\u00e7a comprometer a cerim\u00f4nia em que o presidente Luiz In\u00e1cio Lula da Silva deve sancionar, nesta quarta-feira (26), a lei que amplia a faixa de isen\u00e7\u00e3o do Imposto de Renda para sal\u00e1rios de at\u00e9 R$ 5 mil. Embora convidados, os presidentes da C\u00e2mara, Hugo Motta (Republicanos-PB), e do Senado, Davi Alcolumbre (Uni\u00e3o-AP), n\u00e3o haviam confirmado presen\u00e7a at\u00e9 a v\u00e9spera, refletindo o clima azedo entre as c\u00fapulas dos Poderes.<\/p>\n\n\n\n<p>Nos bastidores, a aus\u00eancia de ambos \u00e9 atribu\u00edda a rupturas recentes com articuladores do governo no Legislativo. Alcolumbre rompeu com Jaques Wagner (PT-BA), l\u00edder do governo no Senado, ap\u00f3s Lula indicar Jorge Messias ao STF sem consult\u00e1-lo previamente \u2014 movimento que frustrou o grupo que apoiava o nome de Rodrigo Pacheco (PSD-MG) para a vaga deixada por Lu\u00eds Roberto Barroso.<\/p>\n\n\n\n<p>Na outra ponta, Hugo Motta se afastou do l\u00edder do PT na C\u00e2mara, Lindbergh Farias (RJ), declarando que s\u00f3 tratar\u00e1 de temas com o deputado de forma estritamente institucional. O atrito acabou respingando tamb\u00e9m na rela\u00e7\u00e3o da Casa com o Planalto, ampliando a resist\u00eancia de Motta a participar da agenda presidencial.<\/p>\n\n\n\n<p>Apesar das tens\u00f5es, os parlamentares respons\u00e1veis pela relatoria da proposta no Congresso confirmaram presen\u00e7a no ato. Rivais hist\u00f3ricos em Alagoas, Arthur Lira (PP) e Renan Calheiros (MDB) estar\u00e3o no evento, refor\u00e7ando o peso pol\u00edtico da medida econ\u00f4mica mesmo em meio \u00e0 turbul\u00eancia entre Executivo e Legislativo.<\/p>\n\n\n\n<p><em><sub>Por R7<\/sub><\/em><\/p>\n\n\n\n<p><\/p>\n","protected":false},"excerpt":{"rendered":"<p>O desgaste entre o Pal\u00e1cio do Planalto e o Congresso Nacional amea\u00e7a comprometer a cerim\u00f4nia em que o presidente Luiz In\u00e1cio Lula da Silva deve sancionar, nesta quarta-feira (26), a lei que amplia a faixa de isen\u00e7\u00e3o do Imposto de Renda para sal\u00e1rios de at\u00e9 R$ 5 mil. Embora convidados, os presidentes da C\u00e2mara, Hugo&#8230;<\/p>\n","protected":false},"author":1,"featured_media":5580,"comment_status":"open","ping_status":"closed","sticky":false,"template":"","format":"standard","meta":{"footnotes":""},"categories":[3],"tags":[],"class_list":["post-5579","post","type-post","status-publish","format-standard","has-post-thumbnail","hentry","category-geral"],"_links":{"self":[{"href":"https:\/\/cafecommessias.com.br\/index.php?rest_route=\/wp\/v2\/posts\/5579","targetHints":{"allow":["GET"]}}],"collection":[{"href":"https:\/\/cafecommessias.com.br\/index.php?rest_route=\/wp\/v2\/posts"}],"about":[{"href":"https:\/\/cafecommessias.com.br\/index.php?rest_route=\/wp\/v2\/types\/post"}],"author":[{"embeddable":true,"href":"https:\/\/cafecommessias.com.br\/index.php?rest_route=\/wp\/v2\/users\/1"}],"replies":[{"embeddable":true,"href":"https:\/\/cafecommessias.com.br\/index.php?rest_route=%2Fwp%2Fv2%2Fcomments&post=5579"}],"version-history":[{"count":1,"href":"https:\/\/cafecommessias.com.br\/index.php?rest_route=\/wp\/v2\/posts\/5579\/revisions"}],"predecessor-version":[{"id":5581,"href":"https:\/\/cafecommessias.com.br\/index.php?rest_route=\/wp\/v2\/posts\/5579\/revisions\/5581"}],"wp:featuredmedia":[{"embeddable":true,"href":"https:\/\/cafecommessias.com.br\/index.php?rest_route=\/wp\/v2\/media\/5580"}],"wp:attachment":[{"href":"https:\/\/cafecommessias.com.br\/index.php?rest_route=%2Fwp%2Fv2%2Fmedia&parent=5579"}],"wp:term":[{"taxonomy":"category","embeddable":true,"href":"https:\/\/cafecommessias.com.br\/index.php?rest_route=%2Fwp%2Fv2%2Fcategories&post=5579"},{"taxonomy":"post_tag","embeddable":true,"href":"https:\/\/cafecommessias.com.br\/index.php?rest_route=%2Fwp%2Fv2%2Ftags&post=5579"}],"curies":[{"name":"wp","href":"https:\/\/api.w.org\/{rel}","templated":true}]}}