{"id":5582,"date":"2025-11-26T09:43:25","date_gmt":"2025-11-26T12:43:25","guid":{"rendered":"https:\/\/cafecommessias.com.br\/?p=5582"},"modified":"2025-11-26T09:43:47","modified_gmt":"2025-11-26T12:43:47","slug":"pac-amplia-numero-de-areninhas-esportivas-para-o-rn-touros-entre-os-nove-municipios-contemplados","status":"publish","type":"post","link":"https:\/\/cafecommessias.com.br\/?p=5582","title":{"rendered":"PAC amplia n\u00famero de areninhas esportivas para o RN; Touros entre os nove munic\u00edpios contemplados"},"content":{"rendered":"\n<p>Uma portaria do Minist\u00e9rio do Esporte, publicada nesta ter\u00e7a-feira (25) no Di\u00e1rio Oficial da Uni\u00e3o, aprovou propostas para a implanta\u00e7\u00e3o de nove \u201cArenas Brasil\u201d no Rio Grande do Norte. As unidades foram selecionadas no \u00e2mbito do Novo Programa de Acelera\u00e7\u00e3o do Crescimento, o PAC Sele\u00e7\u00f5es.<\/p>\n\n\n\n<p>Cada equipamento seguir\u00e1 um projeto padr\u00e3o definido pelo governo federal. A estrutura ser\u00e1 composta por campo de futebol society com grama sint\u00e9tica, quadra de basquete na modalidade 3\u00d73, pista de caminhada e parque infantil. O investimento estimado para a constru\u00e7\u00e3o \u00e9 de R$ 1,5 milh\u00e3o por unidade.<\/p>\n\n\n\n<p>Com a nova aprova\u00e7\u00e3o, o Rio Grande do Norte amplia para 20 o n\u00famero desses equipamentos esportivos em seu territ\u00f3rio. Os munic\u00edpios beneficiados nesta segunda etapa s\u00e3o Alto do Rodrigues, Areia Branca, Caic\u00f3, Flor\u00e2nia, Goianinha, Jucurutu, Parelhas, Santa Cruz e Touros.<\/p>\n\n\n\n<p>\u201cMais uma not\u00edcia boa para o Rio Grande do Norte. Isso \u00e9 mais bem-estar, lazer, esporte e cidadania para nossa juventude, para nosso povo\u201d, disse a governadora, a caminho de Mossor\u00f3, ao receber a confirma\u00e7\u00e3o das novas propostas selecionadas no \u00e2mbito do PAC.<\/p>\n\n\n\n<p>Em setembro, ao lado do ministro do Esporte, Andr\u00e9 Fufuca, a governadora F\u00e1tima Bezerra inaugurou o primeiro desses espa\u00e7os no Brasil, localizado no Bairro Planalto, em Natal. \u201cIsso simboliza a parceria estrat\u00e9gica entre Governo Federal, Governo do Estado e munic\u00edpios, voltada \u00e0 amplia\u00e7\u00e3o de pol\u00edticas p\u00fablicas que promovem inclus\u00e3o social, cidadania e qualidade de vida\u201d, disse a governadora, na ocasi\u00e3o.<\/p>\n\n\n\n<p>\u201c\u00c9 daqui que poder\u00e3o surgir novas Rebecas Andrade, Ant\u00f4nias Silvas, novas Priscilas, atletas ol\u00edmpicos e paral\u00edmpicos que podem iniciar suas trajet\u00f3rias nesses espa\u00e7os comunit\u00e1rios\u201d, observou o subsecret\u00e1rio de Esporte e Lazer, Julio Cesar Nunes.<\/p>\n\n\n\n<p><em><sub>Fonte: Assecom RN<\/sub><\/em><\/p>\n","protected":false},"excerpt":{"rendered":"<p>Uma portaria do Minist\u00e9rio do Esporte, publicada nesta ter\u00e7a-feira (25) no Di\u00e1rio Oficial da Uni\u00e3o, aprovou propostas para a implanta\u00e7\u00e3o de nove \u201cArenas Brasil\u201d no Rio Grande do Norte. As unidades foram selecionadas no \u00e2mbito do Novo Programa de Acelera\u00e7\u00e3o do Crescimento, o PAC Sele\u00e7\u00f5es. Cada equipamento seguir\u00e1 um projeto padr\u00e3o definido pelo governo federal&#8230;.<\/p>\n","protected":false},"author":1,"featured_media":5583,"comment_status":"open","ping_status":"closed","sticky":false,"template":"","format":"standard","meta":{"footnotes":""},"categories":[3],"tags":[],"class_list":["post-5582","post","type-post","status-publish","format-standard","has-post-thumbnail","hentry","category-geral"],"_links":{"self":[{"href":"https:\/\/cafecommessias.com.br\/index.php?rest_route=\/wp\/v2\/posts\/5582","targetHints":{"allow":["GET"]}}],"collection":[{"href":"https:\/\/cafecommessias.com.br\/index.php?rest_route=\/wp\/v2\/posts"}],"about":[{"href":"https:\/\/cafecommessias.com.br\/index.php?rest_route=\/wp\/v2\/types\/post"}],"author":[{"embeddable":true,"href":"https:\/\/cafecommessias.com.br\/index.php?rest_route=\/wp\/v2\/users\/1"}],"replies":[{"embeddable":true,"href":"https:\/\/cafecommessias.com.br\/index.php?rest_route=%2Fwp%2Fv2%2Fcomments&post=5582"}],"version-history":[{"count":1,"href":"https:\/\/cafecommessias.com.br\/index.php?rest_route=\/wp\/v2\/posts\/5582\/revisions"}],"predecessor-version":[{"id":5584,"href":"https:\/\/cafecommessias.com.br\/index.php?rest_route=\/wp\/v2\/posts\/5582\/revisions\/5584"}],"wp:featuredmedia":[{"embeddable":true,"href":"https:\/\/cafecommessias.com.br\/index.php?rest_route=\/wp\/v2\/media\/5583"}],"wp:attachment":[{"href":"https:\/\/cafecommessias.com.br\/index.php?rest_route=%2Fwp%2Fv2%2Fmedia&parent=5582"}],"wp:term":[{"taxonomy":"category","embeddable":true,"href":"https:\/\/cafecommessias.com.br\/index.php?rest_route=%2Fwp%2Fv2%2Fcategories&post=5582"},{"taxonomy":"post_tag","embeddable":true,"href":"https:\/\/cafecommessias.com.br\/index.php?rest_route=%2Fwp%2Fv2%2Ftags&post=5582"}],"curies":[{"name":"wp","href":"https:\/\/api.w.org\/{rel}","templated":true}]}}