{"id":5612,"date":"2025-11-27T15:57:56","date_gmt":"2025-11-27T18:57:56","guid":{"rendered":"https:\/\/cafecommessias.com.br\/?p=5612"},"modified":"2025-11-27T16:02:34","modified_gmt":"2025-11-27T19:02:34","slug":"em-visita-a-bolsonaro-jair-renan-diz-que-pai-se-sente-injusticado-e-esta-muito-mal-teve-crises-de-soluco-a-noite-toda","status":"publish","type":"post","link":"https:\/\/cafecommessias.com.br\/?p=5612","title":{"rendered":"Em visita a Bolsonaro, Jair Renan diz que pai se sente injusti\u00e7ado e est\u00e1 muito mal: \u201cteve crises de solu\u00e7o a noite toda\u201d"},"content":{"rendered":"\n<p>O vereador Jair Renan Bolsonaro (PL-SC) visitou nesta quinta-feira ex-presidente Jair Bolsonaro, preso na Superintend\u00eancia da Pol\u00edcia Federal em Bras\u00edlia. Segundo ele, o pai est\u00e1 fragilizado, continua com crises de solu\u00e7o e se sente injusti\u00e7ado. Bolsonaro cumpre pena de 27 anos e 3 meses por tentativa de golpe de Estado e outros crimes.<\/p>\n\n\n\n<p>Renan relatou que encontrou o pai por cerca de 30 minutos:<\/p>\n\n\n\n<p>\u2014&nbsp;<em>Meu pai est\u00e1 muito mal. Ele teve crises de solu\u00e7o a noite toda. Encontrei com ele durante 30 minutos e ele estava com crise de solu\u00e7o. \u00c9 muito triste o que est\u00e1 acontecendo.<\/em><\/p>\n\n\n\n<p>Ele afirmou ter levado livros de ca\u00e7a-palavras para distra\u00ed-lo e disse que evitaram falar de pol\u00edtica:<\/p>\n\n\n\n<p>\u2014&nbsp;<em>Tentei levantar o \u00e2nimo do meu velho. Como filho, est\u00e1 sendo muito triste ver tudo isso. Conversei com ele mais sobre futebol. Tentei distrair a cabe\u00e7a do meu velho. Tentar tirar um sorriso dele\u2026 Muito dif\u00edcil. Est\u00e1 se sentindo injusti\u00e7ado.<\/em><\/p>\n\n\n\n<p>A visita ocorreu ap\u00f3s idas de Fl\u00e1vio e Carlos Bolsonaro, autorizadas pelo STF. Desde a pris\u00e3o, a fam\u00edlia tem seguido protocolos r\u00edgidos, como tempo limitado e proibi\u00e7\u00e3o de celulares.<\/p>\n\n\n\n<p>Bolsonaro foi preso no s\u00e1bado por ordem do ministro Alexandre de Moraes, que apontou risco de fuga. Na ter\u00e7a-feira, Moraes determinou o tr\u00e2nsito em julgado da condena\u00e7\u00e3o e o in\u00edcio imediato do cumprimento da pena na PF.<\/p>\n\n\n\n<p><em><sub>Por O Globo<\/sub><\/em><\/p>\n","protected":false},"excerpt":{"rendered":"<p>O vereador Jair Renan Bolsonaro (PL-SC) visitou nesta quinta-feira ex-presidente Jair Bolsonaro, preso na Superintend\u00eancia da Pol\u00edcia Federal em Bras\u00edlia. Segundo ele, o pai est\u00e1 fragilizado, continua com crises de solu\u00e7o e se sente injusti\u00e7ado. Bolsonaro cumpre pena de 27 anos e 3 meses por tentativa de golpe de Estado e outros crimes. Renan relatou&#8230;<\/p>\n","protected":false},"author":1,"featured_media":5613,"comment_status":"open","ping_status":"closed","sticky":false,"template":"","format":"standard","meta":{"footnotes":""},"categories":[3],"tags":[],"class_list":["post-5612","post","type-post","status-publish","format-standard","has-post-thumbnail","hentry","category-geral"],"_links":{"self":[{"href":"https:\/\/cafecommessias.com.br\/index.php?rest_route=\/wp\/v2\/posts\/5612","targetHints":{"allow":["GET"]}}],"collection":[{"href":"https:\/\/cafecommessias.com.br\/index.php?rest_route=\/wp\/v2\/posts"}],"about":[{"href":"https:\/\/cafecommessias.com.br\/index.php?rest_route=\/wp\/v2\/types\/post"}],"author":[{"embeddable":true,"href":"https:\/\/cafecommessias.com.br\/index.php?rest_route=\/wp\/v2\/users\/1"}],"replies":[{"embeddable":true,"href":"https:\/\/cafecommessias.com.br\/index.php?rest_route=%2Fwp%2Fv2%2Fcomments&post=5612"}],"version-history":[{"count":1,"href":"https:\/\/cafecommessias.com.br\/index.php?rest_route=\/wp\/v2\/posts\/5612\/revisions"}],"predecessor-version":[{"id":5614,"href":"https:\/\/cafecommessias.com.br\/index.php?rest_route=\/wp\/v2\/posts\/5612\/revisions\/5614"}],"wp:featuredmedia":[{"embeddable":true,"href":"https:\/\/cafecommessias.com.br\/index.php?rest_route=\/wp\/v2\/media\/5613"}],"wp:attachment":[{"href":"https:\/\/cafecommessias.com.br\/index.php?rest_route=%2Fwp%2Fv2%2Fmedia&parent=5612"}],"wp:term":[{"taxonomy":"category","embeddable":true,"href":"https:\/\/cafecommessias.com.br\/index.php?rest_route=%2Fwp%2Fv2%2Fcategories&post=5612"},{"taxonomy":"post_tag","embeddable":true,"href":"https:\/\/cafecommessias.com.br\/index.php?rest_route=%2Fwp%2Fv2%2Ftags&post=5612"}],"curies":[{"name":"wp","href":"https:\/\/api.w.org\/{rel}","templated":true}]}}