{"id":5675,"date":"2025-12-01T23:24:49","date_gmt":"2025-12-02T02:24:49","guid":{"rendered":"https:\/\/cafecommessias.com.br\/?p=5675"},"modified":"2025-12-02T01:33:25","modified_gmt":"2025-12-02T04:33:25","slug":"saiba-o-que-muda-para-tirar-a-cnh-com-as-novas-regras-do-contran","status":"publish","type":"post","link":"https:\/\/cafecommessias.com.br\/?p=5675","title":{"rendered":"Saiba o que muda para tirar a CNH com as novas regras do Contran"},"content":{"rendered":"\n<p>Medida retira a obrigatoriedade de passar por uma autoescola<\/p>\n\n\n\n<p><strong>O Conselho Nacional de Tr\u00e2nsito (Contran)&nbsp;aprovou nesta segunda-feira&nbsp;1\u00ba, a resolu\u00e7\u00e3o simplifica o processo de obten\u00e7\u00e3o da Carteira Nacional de Habilita\u00e7\u00e3o (CNH).<\/strong>&nbsp;A medida retira a obrigatoriedade de passar por uma autoescola antes de fazer as provas de dire\u00e7\u00e3o<img decoding=\"async\" src=\"https:\/\/agenciabrasil.ebc.com.br\/ebc.png?id=1670321&amp;o=node\" alt=\"Saiba o que muda para tirar a CNH com as novas regras do Contran - Agora RN\"><img decoding=\"async\" src=\"https:\/\/agenciabrasil.ebc.com.br\/ebc.gif?id=1670321&amp;o=node\" alt=\"Saiba o que muda para tirar a CNH com as novas regras do Contran - Agora RN\"><\/p>\n\n\n\n<p>Segundo o Minist\u00e9rio dos Transportes, as medidas podem reduzir em at\u00e9 80% o custo total da CNH.<\/p>\n\n\n\n<p>As novas regras passam a valer a partir da publica\u00e7\u00e3o da resolu\u00e7\u00e3o no Di\u00e1rio Oficial da Uni\u00e3o.&nbsp;<\/p>\n\n\n\n<p><strong>Veja as principais mudan\u00e7as:&nbsp;<\/strong><\/p>\n\n\n\n<h3 class=\"wp-block-heading\">Abertura do processo<\/h3>\n\n\n\n<ul class=\"wp-block-list\">\n<li>Poder\u00e1 ser feita pelo site do Minist\u00e9rio dos Transportes ou pelo aplicativo da Carteira Digital de Tr\u00e2nsito (CDT).<\/li>\n<\/ul>\n\n\n\n<h3 class=\"wp-block-heading\">Aulas te\u00f3ricas<\/h3>\n\n\n\n<ul class=\"wp-block-list\">\n<li>O Minist\u00e9rio dos Transportes ir\u00e1 disponibilizar todo o conte\u00fado te\u00f3rico online, gratuitamente.&nbsp;<\/li>\n\n\n\n<li>Quem preferir poder\u00e1 estudar presencialmente em autoescolas ou institui\u00e7\u00f5es credenciadas.<\/li>\n<\/ul>\n\n\n\n<h3 class=\"wp-block-heading\">Aulas pr\u00e1ticas<\/h3>\n\n\n\n<ul class=\"wp-block-list\">\n<li>A exig\u00eancia de aulas pr\u00e1ticas passar\u00e1 das atuais 20 horas-aula para 2 horas.&nbsp;<\/li>\n\n\n\n<li>O candidato poder\u00e1 escolher entre: autoescolas tradicionais, instrutores aut\u00f4nomos credenciados pelos Detrans ou prepara\u00e7\u00f5es personalizadas.&nbsp;<\/li>\n\n\n\n<li>Ser\u00e1 permitido uso de carro pr\u00f3prio para as aulas pr\u00e1ticas<\/li>\n<\/ul>\n\n\n\n<h3 class=\"wp-block-heading\">Provas<\/h3>\n\n\n\n<ul class=\"wp-block-list\">\n<li>Mesmo sem a obrigatoriedade das aulas, o condutor ainda \u00e9 obrigado a fazer as provas te\u00f3rica e pr\u00e1tica para obter a CNH.&nbsp;<\/li>\n\n\n\n<li>Outras etapas obrigat\u00f3rias como coleta biom\u00e9trica e exame m\u00e9dico devem ser feitas presencialmente no Detran.&nbsp;<\/li>\n<\/ul>\n\n\n\n<h3 class=\"wp-block-heading\">Instrutores<\/h3>\n\n\n\n<ul class=\"wp-block-list\">\n<li>Os instrutores aut\u00f4nomos ser\u00e3o autorizados e fiscalizados pelos \u00f3rg\u00e3os estaduais, com crit\u00e9rios padronizados nacionalmente.<\/li>\n\n\n\n<li>A identifica\u00e7\u00e3o e o controle ser\u00e3o integrados \u00e0 Carteira Digital de Tr\u00e2nsito.<\/li>\n<\/ul>\n\n\n\n<p><sub>por Ag\u00eancia Brasil<\/sub><\/p>\n\n\n<div class=\"wp-block-post-author\"><div class=\"wp-block-post-author__avatar\"><img alt='' src='https:\/\/secure.gravatar.com\/avatar\/a62bcf199877d37056dc55ccc32b6decbd05abb46ce616ef4c38b16491e4d91d?s=48&#038;r=g' srcset='https:\/\/secure.gravatar.com\/avatar\/a62bcf199877d37056dc55ccc32b6decbd05abb46ce616ef4c38b16491e4d91d?s=96&#038;r=g 2x' class='avatar avatar-48 photo' height='48' width='48' \/><\/div><div class=\"wp-block-post-author__content\"><p class=\"wp-block-post-author__name\">Blogcafecommessias<\/p><\/div><\/div>","protected":false},"excerpt":{"rendered":"<p>Medida retira a obrigatoriedade de passar por uma autoescola O Conselho Nacional de Tr\u00e2nsito (Contran)&nbsp;aprovou nesta segunda-feira&nbsp;1\u00ba, a resolu\u00e7\u00e3o simplifica o processo de obten\u00e7\u00e3o da Carteira Nacional de Habilita\u00e7\u00e3o (CNH).&nbsp;A medida retira a obrigatoriedade de passar por uma autoescola antes de fazer as provas de dire\u00e7\u00e3o Segundo o Minist\u00e9rio dos Transportes, as medidas podem reduzir&#8230;<\/p>\n","protected":false},"author":1,"featured_media":5676,"comment_status":"open","ping_status":"open","sticky":false,"template":"","format":"standard","meta":{"footnotes":""},"categories":[3],"tags":[],"class_list":["post-5675","post","type-post","status-publish","format-standard","has-post-thumbnail","hentry","category-geral"],"_links":{"self":[{"href":"https:\/\/cafecommessias.com.br\/index.php?rest_route=\/wp\/v2\/posts\/5675","targetHints":{"allow":["GET"]}}],"collection":[{"href":"https:\/\/cafecommessias.com.br\/index.php?rest_route=\/wp\/v2\/posts"}],"about":[{"href":"https:\/\/cafecommessias.com.br\/index.php?rest_route=\/wp\/v2\/types\/post"}],"author":[{"embeddable":true,"href":"https:\/\/cafecommessias.com.br\/index.php?rest_route=\/wp\/v2\/users\/1"}],"replies":[{"embeddable":true,"href":"https:\/\/cafecommessias.com.br\/index.php?rest_route=%2Fwp%2Fv2%2Fcomments&post=5675"}],"version-history":[{"count":2,"href":"https:\/\/cafecommessias.com.br\/index.php?rest_route=\/wp\/v2\/posts\/5675\/revisions"}],"predecessor-version":[{"id":5717,"href":"https:\/\/cafecommessias.com.br\/index.php?rest_route=\/wp\/v2\/posts\/5675\/revisions\/5717"}],"wp:featuredmedia":[{"embeddable":true,"href":"https:\/\/cafecommessias.com.br\/index.php?rest_route=\/wp\/v2\/media\/5676"}],"wp:attachment":[{"href":"https:\/\/cafecommessias.com.br\/index.php?rest_route=%2Fwp%2Fv2%2Fmedia&parent=5675"}],"wp:term":[{"taxonomy":"category","embeddable":true,"href":"https:\/\/cafecommessias.com.br\/index.php?rest_route=%2Fwp%2Fv2%2Fcategories&post=5675"},{"taxonomy":"post_tag","embeddable":true,"href":"https:\/\/cafecommessias.com.br\/index.php?rest_route=%2Fwp%2Fv2%2Ftags&post=5675"}],"curies":[{"name":"wp","href":"https:\/\/api.w.org\/{rel}","templated":true}]}}