{"id":5775,"date":"2025-12-01T21:05:41","date_gmt":"2025-12-02T00:05:41","guid":{"rendered":"https:\/\/cafecommessias.com.br\/?p=5775"},"modified":"2025-12-02T21:07:28","modified_gmt":"2025-12-03T00:07:28","slug":"leoa-atacou-jovem-pelo-pescoco-mas-nao-comeu-corpo-diz-laudo-do-iml","status":"publish","type":"post","link":"https:\/\/cafecommessias.com.br\/?p=5775","title":{"rendered":"Leoa atacou jovem pelo pesco\u00e7o, mas n\u00e3o comeu corpo, diz laudo do IML"},"content":{"rendered":"\n<p>Causa da morte foi divulgada no \u00faltimo fim de semana pelo Instituto M\u00e9dico Legal; mordida do pesco\u00e7o \u00e9 uma caracter\u00edstica da esp\u00e9cie<\/p>\n\n\n\n<p>De acordo com o laudo inicial do\u00a0<strong>IML<\/strong>\u00a0(Instituto M\u00e9dico Legal), a morte de Gerson de Melo Machado, de 19 anos, atacado por uma leoa no Parque Zoobot\u00e2nico Arruda Almeida, ocorreu em decorr\u00eancia de um choque hemorr\u00e1gico ap\u00f3s o\u00a0perfuramento de vasos cervicais\u00a0\u2014 que incluem art\u00e9rias e veias na regi\u00e3o do pesco\u00e7o \u2014 provavelmente causado ap\u00f3s a mordida do animal.<\/p>\n\n\n\n<p>A causa da morte foi divulgada no \u00faltimo fim de semana. Ainda segundo o \u00f3rg\u00e3o, tamb\u00e9m foi solicitado um\u00a0<strong>exame toxicol\u00f3gico complementar<\/strong>\u00a0e o corpo passar\u00e1 por um\u00a0<strong>exame de &#8220;identifica\u00e7\u00e3o t\u00e9cnica&#8221;.<\/strong><\/p>\n\n\n\n<p>Ele s\u00f3 ficar\u00e1 dispon\u00edvel aos familiares ap\u00f3s o t\u00e9rmino dos procedimentos legais. De acordo com especialistas, a mordida no pesco\u00e7o \u00e9 uma\u00a0<strong>caracter\u00edstica da esp\u00e9cie.\u00a0<\/strong><\/p>\n\n\n\n<p>O animal n\u00e3o chegou a se alimentar do jovem em nenhum momento.<\/p>\n\n\n\n<p>Nas redes sociais, a bi\u00f3loga Mar\u00edlia Maia, respons\u00e1vel pelo cuidado da Leoa, explica que o ataque teria ocorrido por &#8220;um comportamento natural da esp\u00e9cie&#8221;, que ela n\u00e3o se &#8220;alimentou&#8221; da v\u00edtima e que teria se afastado ap\u00f3s o ocorrido.<\/p>\n\n\n\n<figure class=\"wp-block-image size-large\"><img loading=\"lazy\" decoding=\"async\" width=\"1024\" height=\"576\" src=\"https:\/\/cafecommessias.com.br\/wp-content\/uploads\/2025\/12\/Leoa-que-matou-homem-em-parque-na-Paraiba-5-1024x576.webp\" alt=\"\" class=\"wp-image-5776\" srcset=\"https:\/\/cafecommessias.com.br\/wp-content\/uploads\/2025\/12\/Leoa-que-matou-homem-em-parque-na-Paraiba-5-1024x576.webp 1024w, https:\/\/cafecommessias.com.br\/wp-content\/uploads\/2025\/12\/Leoa-que-matou-homem-em-parque-na-Paraiba-5-300x169.webp 300w, https:\/\/cafecommessias.com.br\/wp-content\/uploads\/2025\/12\/Leoa-que-matou-homem-em-parque-na-Paraiba-5-768x432.webp 768w, https:\/\/cafecommessias.com.br\/wp-content\/uploads\/2025\/12\/Leoa-que-matou-homem-em-parque-na-Paraiba-5.webp 1320w\" sizes=\"auto, (max-width: 1024px) 100vw, 1024px\" \/><figcaption class=\"wp-element-caption\"><sub>A hist\u00f3ria se desenrola no Parque Zoobot\u00e2nico Arruda C\u00e2mara (Bica), onde reside a leoa Leona, um animal de 18 anos nascido e criado no parque \u2022 Reprodu\u00e7\u00e3o\/Redes Sociais<\/sub><\/figcaption><\/figure>\n\n\n\n<figure class=\"wp-block-image size-large\"><img loading=\"lazy\" decoding=\"async\" width=\"1024\" height=\"576\" src=\"https:\/\/cafecommessias.com.br\/wp-content\/uploads\/2025\/12\/Leoa-que-matou-homem-em-parque-na-Paraiba-1024x576.webp\" alt=\"\" class=\"wp-image-5779\" srcset=\"https:\/\/cafecommessias.com.br\/wp-content\/uploads\/2025\/12\/Leoa-que-matou-homem-em-parque-na-Paraiba-1024x576.webp 1024w, https:\/\/cafecommessias.com.br\/wp-content\/uploads\/2025\/12\/Leoa-que-matou-homem-em-parque-na-Paraiba-300x169.webp 300w, https:\/\/cafecommessias.com.br\/wp-content\/uploads\/2025\/12\/Leoa-que-matou-homem-em-parque-na-Paraiba-768x432.webp 768w, https:\/\/cafecommessias.com.br\/wp-content\/uploads\/2025\/12\/Leoa-que-matou-homem-em-parque-na-Paraiba.webp 1320w\" sizes=\"auto, (max-width: 1024px) 100vw, 1024px\" \/><figcaption class=\"wp-element-caption\"><sub>O homem veio a \u00f3bito em decorr\u00eancia dos ferimentos provocados pelo animal. \u2022 Reprodu\u00e7\u00e3o\/Redes Sociais<\/sub><\/figcaption><\/figure>\n\n\n\n<p>Em fotos por pessoas que estavam no local, \u00e9 poss\u00edvel\u00a0ver o momento em que o homem desce por uma \u00e1rvore e \u00e9 atacado nas pernas\u00a0e no pesco\u00e7o pelo animal.\u00a0A administra\u00e7\u00e3o municipal confirmou que o jovem invadiu o cercado de forma deliberada ap\u00f3s escalar as estruturas de seguran\u00e7a e grades.<\/p>\n\n\n\n<p>O parque foi\u00a0imediatamente fechado para a remo\u00e7\u00e3o do corpo\u00a0e a apura\u00e7\u00e3o dos fatos, que est\u00e1 a cargo da Semam (Secretaria de Meio Ambiente).<\/p>\n\n\n\n<p><sub>por CNN Brasil S\u00e3o Paulo<\/sub><\/p>\n\n\n<div class=\"wp-block-post-author\"><div class=\"wp-block-post-author__avatar\"><img alt='' src='https:\/\/secure.gravatar.com\/avatar\/a62bcf199877d37056dc55ccc32b6decbd05abb46ce616ef4c38b16491e4d91d?s=48&#038;r=g' srcset='https:\/\/secure.gravatar.com\/avatar\/a62bcf199877d37056dc55ccc32b6decbd05abb46ce616ef4c38b16491e4d91d?s=96&#038;r=g 2x' class='avatar avatar-48 photo' height='48' width='48' \/><\/div><div class=\"wp-block-post-author__content\"><p class=\"wp-block-post-author__name\">Blogcafecommessias<\/p><\/div><\/div>\n\n\n<p><\/p>\n","protected":false},"excerpt":{"rendered":"<p>Causa da morte foi divulgada no \u00faltimo fim de semana pelo Instituto M\u00e9dico Legal; mordida do pesco\u00e7o \u00e9 uma caracter\u00edstica da esp\u00e9cie De acordo com o laudo inicial do\u00a0IML\u00a0(Instituto M\u00e9dico Legal), a morte de Gerson de Melo Machado, de 19 anos, atacado por uma leoa no Parque Zoobot\u00e2nico Arruda Almeida, ocorreu em decorr\u00eancia de um&#8230;<\/p>\n","protected":false},"author":1,"featured_media":5778,"comment_status":"open","ping_status":"open","sticky":false,"template":"","format":"standard","meta":{"footnotes":""},"categories":[26],"tags":[],"class_list":["post-5775","post","type-post","status-publish","format-standard","has-post-thumbnail","hentry","category-tragedia"],"_links":{"self":[{"href":"https:\/\/cafecommessias.com.br\/index.php?rest_route=\/wp\/v2\/posts\/5775","targetHints":{"allow":["GET"]}}],"collection":[{"href":"https:\/\/cafecommessias.com.br\/index.php?rest_route=\/wp\/v2\/posts"}],"about":[{"href":"https:\/\/cafecommessias.com.br\/index.php?rest_route=\/wp\/v2\/types\/post"}],"author":[{"embeddable":true,"href":"https:\/\/cafecommessias.com.br\/index.php?rest_route=\/wp\/v2\/users\/1"}],"replies":[{"embeddable":true,"href":"https:\/\/cafecommessias.com.br\/index.php?rest_route=%2Fwp%2Fv2%2Fcomments&post=5775"}],"version-history":[{"count":1,"href":"https:\/\/cafecommessias.com.br\/index.php?rest_route=\/wp\/v2\/posts\/5775\/revisions"}],"predecessor-version":[{"id":5780,"href":"https:\/\/cafecommessias.com.br\/index.php?rest_route=\/wp\/v2\/posts\/5775\/revisions\/5780"}],"wp:featuredmedia":[{"embeddable":true,"href":"https:\/\/cafecommessias.com.br\/index.php?rest_route=\/wp\/v2\/media\/5778"}],"wp:attachment":[{"href":"https:\/\/cafecommessias.com.br\/index.php?rest_route=%2Fwp%2Fv2%2Fmedia&parent=5775"}],"wp:term":[{"taxonomy":"category","embeddable":true,"href":"https:\/\/cafecommessias.com.br\/index.php?rest_route=%2Fwp%2Fv2%2Fcategories&post=5775"},{"taxonomy":"post_tag","embeddable":true,"href":"https:\/\/cafecommessias.com.br\/index.php?rest_route=%2Fwp%2Fv2%2Ftags&post=5775"}],"curies":[{"name":"wp","href":"https:\/\/api.w.org\/{rel}","templated":true}]}}