{"id":5791,"date":"2025-12-03T10:30:53","date_gmt":"2025-12-03T13:30:53","guid":{"rendered":"https:\/\/cafecommessias.com.br\/?p=5791"},"modified":"2025-12-03T10:44:55","modified_gmt":"2025-12-03T13:44:55","slug":"lajes-celebra-102-anos-com-programacao-cultural-religiosa-e-cidada","status":"publish","type":"post","link":"https:\/\/cafecommessias.com.br\/?p=5791","title":{"rendered":"Lajes celebra 102 anos com programa\u00e7\u00e3o cultural, religiosa e cidad\u00e3"},"content":{"rendered":"\n<p>O munic\u00edpio de Lajes celebra, nesta quarta-feira (03), seus 102 anos de emancipa\u00e7\u00e3o pol\u00edtica, e a Prefeitura Municipal preparou uma programa\u00e7\u00e3o diversificada que contempla atra\u00e7\u00f5es culturais, religiosas e a\u00e7\u00f5es voltadas \u00e0 comunidade.<\/p>\n\n\n\n<p>Para marcar o per\u00edodo comemorativo, a gest\u00e3o lan\u00e7ou o projeto cultural <strong>\u201c<em>Lajes em Festa\u201d<\/em><\/strong>, que re\u00fane uma s\u00e9rie de eventos ao longo do m\u00eas de dezembro, integrando as celebra\u00e7\u00f5es de anivers\u00e1rio da cidade aos festejos da padroeira Nossa Senhora da Concei\u00e7\u00e3o e \u00e0s tradi\u00e7\u00f5es natalinas.<\/p>\n\n\n\n<p>As comemora\u00e7\u00f5es pela emancipa\u00e7\u00e3o t\u00eam in\u00edcio com a <em>Missa da Gratidao,<\/em> \u00e0s 6h,<\/p>\n\n\n\n<p>celebrada pelo p\u00e1roco de Lajes, Pe. Francisco de Assis na Quadra Manoel Proc\u00f3pio, seguida do hasteamento das bandeiras e de um caf\u00e9 da manh\u00e3 no Pal\u00e1cio Alzira Soriano &#8211; sede da prefeitura municipal. \u00c0 noite, a programa\u00e7\u00e3o continua com uma novena \u00e0s 19h na Igreja Matriz. E logo ap\u00f3s no palco principal, ao lado da Pra\u00e7a Monsenhor Vicente, um grande show musical com o cantor William Sanfona a partir das 21h fechando o dia de celebra\u00e7\u00f5es.<\/p>\n\n\n\n<p>Na quinta-feira (04), a comunidade evang\u00e9lica realiza um culto de gratid\u00e3o, a partir das 19h30, na quadra central, ministrado pelo pastor Adriano Mendes, com participa\u00e7\u00e3o das cantoras Damares Alves e Andreia Santos.<\/p>\n\n\n\n<p>A sexta-feira (05) ser\u00e1 marcada pela festa<\/p>\n\n\n\n<p>social na Pra\u00e7a Manoel Janu\u00e1rio Cabral, a partir das 22h, com shows de Rey Vaqueiro, Camyla Melo e Pagode Moleque.<\/p>\n\n\n\n<p>O projeto <em>Lajes em Festa<\/em> prossegue no dia 24 de dezembro, quando acontece a tradicional celebra\u00e7\u00e3o natalina na Esta\u00e7\u00e3o das Artes Poeta Ant\u00f4nio Cruz, a partir das 19h, com apresenta\u00e7\u00e3o da Banda Filarm\u00f4nica 03 de Dezembro, do Coral Municipal e entrega de presentes \u00e0s crian\u00e7as com a presen\u00e7a do Papai Noel.<\/p>\n\n\n\n<p>E encerrando o m\u00eas do <em>Lajes em Festa, <\/em>no dia 30 de Dezembro acontece o <em>Festival de Pr\u00eamios da Comunidade,<\/em> \u00e0s 16h, na Pra\u00e7a Central.<\/p>\n\n\n\n<p>O prefeito Felipe Menezes ressalta a import\u00e2ncia das festividades e das celebra\u00e7\u00f5es culturais que marcam o<\/p>\n\n\n\n<p>anivers\u00e1rio do munic\u00edpio;&nbsp;<\/p>\n\n\n\n<p>&#8220;<em>O Lajes em Festa foi criado pra isso&#8230; Para termos em Dezembro esse momento em que a comunidade se reencontra, e celebra com as fam\u00edlias. N\u00f3s temos orgulho em promover uma programa\u00e7\u00e3o que valoriza nossa f\u00e9, nossa cultura e movimenta o com\u00e9rcio local. A gest\u00e3o cuida desses momentos porque, al\u00e9m da confraterniza\u00e7\u00e3o, a gente fecha o ano agradecendo a Deus e celebrando com os mun\u00edcipes e visitantes.\u201d<\/em><\/p>\n\n\n\n<p class=\"has-text-align-center\"><strong><em>PUBLICIDADE<\/em><\/strong><\/p>\n\n\n\n<figure class=\"wp-block-image size-full\"><img loading=\"lazy\" decoding=\"async\" width=\"750\" height=\"200\" src=\"https:\/\/cafecommessias.com.br\/wp-content\/uploads\/2025\/12\/sicred.gif\" alt=\"\" class=\"wp-image-5759\"\/><\/figure>\n","protected":false},"excerpt":{"rendered":"<p>O munic\u00edpio de Lajes celebra, nesta quarta-feira (03), seus 102 anos de emancipa\u00e7\u00e3o pol\u00edtica, e a Prefeitura Municipal preparou uma programa\u00e7\u00e3o diversificada que contempla atra\u00e7\u00f5es culturais, religiosas e a\u00e7\u00f5es voltadas \u00e0 comunidade. Para marcar o per\u00edodo comemorativo, a gest\u00e3o lan\u00e7ou o projeto cultural \u201cLajes em Festa\u201d, que re\u00fane uma s\u00e9rie de eventos ao longo do&#8230;<\/p>\n","protected":false},"author":1,"featured_media":5792,"comment_status":"open","ping_status":"closed","sticky":false,"template":"","format":"standard","meta":{"footnotes":""},"categories":[8],"tags":[],"class_list":["post-5791","post","type-post","status-publish","format-standard","has-post-thumbnail","hentry","category-cidades"],"_links":{"self":[{"href":"https:\/\/cafecommessias.com.br\/index.php?rest_route=\/wp\/v2\/posts\/5791","targetHints":{"allow":["GET"]}}],"collection":[{"href":"https:\/\/cafecommessias.com.br\/index.php?rest_route=\/wp\/v2\/posts"}],"about":[{"href":"https:\/\/cafecommessias.com.br\/index.php?rest_route=\/wp\/v2\/types\/post"}],"author":[{"embeddable":true,"href":"https:\/\/cafecommessias.com.br\/index.php?rest_route=\/wp\/v2\/users\/1"}],"replies":[{"embeddable":true,"href":"https:\/\/cafecommessias.com.br\/index.php?rest_route=%2Fwp%2Fv2%2Fcomments&post=5791"}],"version-history":[{"count":2,"href":"https:\/\/cafecommessias.com.br\/index.php?rest_route=\/wp\/v2\/posts\/5791\/revisions"}],"predecessor-version":[{"id":5809,"href":"https:\/\/cafecommessias.com.br\/index.php?rest_route=\/wp\/v2\/posts\/5791\/revisions\/5809"}],"wp:featuredmedia":[{"embeddable":true,"href":"https:\/\/cafecommessias.com.br\/index.php?rest_route=\/wp\/v2\/media\/5792"}],"wp:attachment":[{"href":"https:\/\/cafecommessias.com.br\/index.php?rest_route=%2Fwp%2Fv2%2Fmedia&parent=5791"}],"wp:term":[{"taxonomy":"category","embeddable":true,"href":"https:\/\/cafecommessias.com.br\/index.php?rest_route=%2Fwp%2Fv2%2Fcategories&post=5791"},{"taxonomy":"post_tag","embeddable":true,"href":"https:\/\/cafecommessias.com.br\/index.php?rest_route=%2Fwp%2Fv2%2Ftags&post=5791"}],"curies":[{"name":"wp","href":"https:\/\/api.w.org\/{rel}","templated":true}]}}