{"id":5800,"date":"2025-12-03T10:39:05","date_gmt":"2025-12-03T13:39:05","guid":{"rendered":"https:\/\/cafecommessias.com.br\/?p=5800"},"modified":"2025-12-03T10:39:20","modified_gmt":"2025-12-03T13:39:20","slug":"moraes-defende-humildade-do-judiciario-para-ouvir-criticas-mas-aponta-ataques-de-grupos-influentes","status":"publish","type":"post","link":"https:\/\/cafecommessias.com.br\/?p=5800","title":{"rendered":"Moraes defende humildade do Judici\u00e1rio para ouvir cr\u00edticas, mas aponta ataques de grupos influentes"},"content":{"rendered":"\n<p>O ministro Alexandre de Moraes afirmou, nesta ter\u00e7a-feira (2), que o Poder Judici\u00e1rio precisa ter \u201chumildade\u201d para reconhecer cr\u00edticas consideradas v\u00e1lidas. A declara\u00e7\u00e3o foi feita durante um evento do Conselho Nacional de Justi\u00e7a (CNJ), em Bras\u00edlia. Segundo ele, h\u00e1 observa\u00e7\u00f5es que merecem ser analisadas internamente para melhorar a atua\u00e7\u00e3o das institui\u00e7\u00f5es.<\/p>\n\n\n\n<p>A informa\u00e7\u00e3o \u00e9 da colunista Andreza Matais, do Metr\u00f3poles. Moraes, no entanto, destacou que parte dos ataques ao Judici\u00e1rio tem origem em grupos econ\u00f4micos organizados que, segundo ele, defendem igualdade e liberdade apenas para seus pr\u00f3prios interesses. O ministro afirmou que esses setores, integrados internacionalmente, intensificaram as ofensivas contra magistrados nos \u00faltimos anos.<\/p>\n\n\n\n<p>Ele tamb\u00e9m citou o papel das redes sociais na amplifica\u00e7\u00e3o dessas cr\u00edticas, apontando que influenciadores digitais t\u00eam se apresentado como \u201canalistas judiciais\u201d, mesmo sem conhecimento t\u00e9cnico sobre o funcionamento dos tribunais. Para Moraes, a repercuss\u00e3o gerada por perfis de grande alcance acaba alimentando a percep\u00e7\u00e3o de que o Judici\u00e1rio est\u00e1 permanentemente sob ataque.<\/p>\n\n\n\n<p>Apesar das cr\u00edticas, o ministro refor\u00e7ou que o debate p\u00fablico \u00e9 leg\u00edtimo e que o Judici\u00e1rio deve seguir avaliando apontamentos construtivos sem buscar \u201cresolver todos os problemas do mundo\u201d, como afirmou no discurso.<\/p>\n\n\n\n<p><em><sub>Por Metr\u00f3poles<\/sub><\/em><\/p>\n\n\n\n<p><\/p>\n","protected":false},"excerpt":{"rendered":"<p>O ministro Alexandre de Moraes afirmou, nesta ter\u00e7a-feira (2), que o Poder Judici\u00e1rio precisa ter \u201chumildade\u201d para reconhecer cr\u00edticas consideradas v\u00e1lidas. A declara\u00e7\u00e3o foi feita durante um evento do Conselho Nacional de Justi\u00e7a (CNJ), em Bras\u00edlia. Segundo ele, h\u00e1 observa\u00e7\u00f5es que merecem ser analisadas internamente para melhorar a atua\u00e7\u00e3o das institui\u00e7\u00f5es. A informa\u00e7\u00e3o \u00e9 da&#8230;<\/p>\n","protected":false},"author":1,"featured_media":5801,"comment_status":"open","ping_status":"closed","sticky":false,"template":"","format":"standard","meta":{"footnotes":""},"categories":[3],"tags":[],"class_list":["post-5800","post","type-post","status-publish","format-standard","has-post-thumbnail","hentry","category-geral"],"_links":{"self":[{"href":"https:\/\/cafecommessias.com.br\/index.php?rest_route=\/wp\/v2\/posts\/5800","targetHints":{"allow":["GET"]}}],"collection":[{"href":"https:\/\/cafecommessias.com.br\/index.php?rest_route=\/wp\/v2\/posts"}],"about":[{"href":"https:\/\/cafecommessias.com.br\/index.php?rest_route=\/wp\/v2\/types\/post"}],"author":[{"embeddable":true,"href":"https:\/\/cafecommessias.com.br\/index.php?rest_route=\/wp\/v2\/users\/1"}],"replies":[{"embeddable":true,"href":"https:\/\/cafecommessias.com.br\/index.php?rest_route=%2Fwp%2Fv2%2Fcomments&post=5800"}],"version-history":[{"count":1,"href":"https:\/\/cafecommessias.com.br\/index.php?rest_route=\/wp\/v2\/posts\/5800\/revisions"}],"predecessor-version":[{"id":5802,"href":"https:\/\/cafecommessias.com.br\/index.php?rest_route=\/wp\/v2\/posts\/5800\/revisions\/5802"}],"wp:featuredmedia":[{"embeddable":true,"href":"https:\/\/cafecommessias.com.br\/index.php?rest_route=\/wp\/v2\/media\/5801"}],"wp:attachment":[{"href":"https:\/\/cafecommessias.com.br\/index.php?rest_route=%2Fwp%2Fv2%2Fmedia&parent=5800"}],"wp:term":[{"taxonomy":"category","embeddable":true,"href":"https:\/\/cafecommessias.com.br\/index.php?rest_route=%2Fwp%2Fv2%2Fcategories&post=5800"},{"taxonomy":"post_tag","embeddable":true,"href":"https:\/\/cafecommessias.com.br\/index.php?rest_route=%2Fwp%2Fv2%2Ftags&post=5800"}],"curies":[{"name":"wp","href":"https:\/\/api.w.org\/{rel}","templated":true}]}}