{"id":5819,"date":"2025-12-03T22:23:42","date_gmt":"2025-12-04T01:23:42","guid":{"rendered":"https:\/\/cafecommessias.com.br\/?p=5819"},"modified":"2025-12-03T22:24:04","modified_gmt":"2025-12-04T01:24:04","slug":"mulher-confessa-ter-matado-o-proprio-pai-apos-flagrar-abuso-dele-contra-a-neta-filha-dela-no-interior-do-rn","status":"publish","type":"post","link":"https:\/\/cafecommessias.com.br\/?p=5819","title":{"rendered":"Mulher confessa ter matado o pr\u00f3prio pai ap\u00f3s flagrar abuso dele contra a neta, filha dela no interior do RN"},"content":{"rendered":"\n<p>Uma mulher de 33 anos confessou \u00e0 Pol\u00edcia Militar ter matado o pr\u00f3prio pai, de 58 anos, em Carna\u00faba dos Dantas (RN), nesta quarta-feira (3), ap\u00f3s flagr\u00e1-lo abusando da filha dela, de 6 anos. A informa\u00e7\u00e3o foi divulgada pela TV Tropical.<\/p>\n\n\n\n<p>Segundo a apura\u00e7\u00e3o da emissora, ap\u00f3s testemunhar o suposto abuso, a mulher levou o pai para um terreno pr\u00f3ximo \u00e0 casa da fam\u00edlia, onde o golpeou com peda\u00e7o de pau e pedras. Depois, teria enterrado o corpo. O crime teria ocorrido durante a madrugada, e pela manh\u00e3 ela se apresentou \u00e0 pol\u00edcia. At\u00e9 agora, o corpo n\u00e3o foi localizado, e equipes da Pol\u00edcia Cient\u00edfica do RN fazem buscas na \u00e1rea.<\/p>\n\n\n\n<p>No depoimento, por\u00e9m, a suspeita apresentou v\u00e1rias contradi\u00e7\u00f5es. O caso pode ter uma reviravolta ap\u00f3s a circula\u00e7\u00e3o de imagens que mostram um homem correndo na rua, supostamente o av\u00f4 da crian\u00e7a, seguido por uma moto \u2014 que depois retorna sozinha. O advogado da suspeita disse que sua cliente est\u00e1 em estado de choque e n\u00e3o conseguiu,at\u00e9 esta tarde, prestar informa\u00e7\u00f5es claras sobre o ocorrido.<\/p>\n\n\n\n<p>A PM informou \u00e0 TV Tropical que o homem apontado como autor do abuso usava tornozeleira eletr\u00f4nica. A Pol\u00edcia Civil conduz a investiga\u00e7\u00e3o para esclarecer o que realmente aconteceu.<\/p>\n","protected":false},"excerpt":{"rendered":"<p>Uma mulher de 33 anos confessou \u00e0 Pol\u00edcia Militar ter matado o pr\u00f3prio pai, de 58 anos, em Carna\u00faba dos Dantas (RN), nesta quarta-feira (3), ap\u00f3s flagr\u00e1-lo abusando da filha dela, de 6 anos. A informa\u00e7\u00e3o foi divulgada pela TV Tropical. Segundo a apura\u00e7\u00e3o da emissora, ap\u00f3s testemunhar o suposto abuso, a mulher levou o&#8230;<\/p>\n","protected":false},"author":1,"featured_media":5820,"comment_status":"open","ping_status":"closed","sticky":false,"template":"","format":"standard","meta":{"footnotes":""},"categories":[23],"tags":[],"class_list":["post-5819","post","type-post","status-publish","format-standard","has-post-thumbnail","hentry","category-crime"],"_links":{"self":[{"href":"https:\/\/cafecommessias.com.br\/index.php?rest_route=\/wp\/v2\/posts\/5819","targetHints":{"allow":["GET"]}}],"collection":[{"href":"https:\/\/cafecommessias.com.br\/index.php?rest_route=\/wp\/v2\/posts"}],"about":[{"href":"https:\/\/cafecommessias.com.br\/index.php?rest_route=\/wp\/v2\/types\/post"}],"author":[{"embeddable":true,"href":"https:\/\/cafecommessias.com.br\/index.php?rest_route=\/wp\/v2\/users\/1"}],"replies":[{"embeddable":true,"href":"https:\/\/cafecommessias.com.br\/index.php?rest_route=%2Fwp%2Fv2%2Fcomments&post=5819"}],"version-history":[{"count":1,"href":"https:\/\/cafecommessias.com.br\/index.php?rest_route=\/wp\/v2\/posts\/5819\/revisions"}],"predecessor-version":[{"id":5821,"href":"https:\/\/cafecommessias.com.br\/index.php?rest_route=\/wp\/v2\/posts\/5819\/revisions\/5821"}],"wp:featuredmedia":[{"embeddable":true,"href":"https:\/\/cafecommessias.com.br\/index.php?rest_route=\/wp\/v2\/media\/5820"}],"wp:attachment":[{"href":"https:\/\/cafecommessias.com.br\/index.php?rest_route=%2Fwp%2Fv2%2Fmedia&parent=5819"}],"wp:term":[{"taxonomy":"category","embeddable":true,"href":"https:\/\/cafecommessias.com.br\/index.php?rest_route=%2Fwp%2Fv2%2Fcategories&post=5819"},{"taxonomy":"post_tag","embeddable":true,"href":"https:\/\/cafecommessias.com.br\/index.php?rest_route=%2Fwp%2Fv2%2Ftags&post=5819"}],"curies":[{"name":"wp","href":"https:\/\/api.w.org\/{rel}","templated":true}]}}