{"id":5832,"date":"2025-12-04T09:21:49","date_gmt":"2025-12-04T12:21:49","guid":{"rendered":"https:\/\/cafecommessias.com.br\/?p=5832"},"modified":"2025-12-04T09:22:03","modified_gmt":"2025-12-04T12:22:03","slug":"justica-anula-efeitos-da-condenacao-e-alexandre-frota-deve-recuperar-mandato-de-vereador","status":"publish","type":"post","link":"https:\/\/cafecommessias.com.br\/?p=5832","title":{"rendered":"Justi\u00e7a anula efeitos da condena\u00e7\u00e3o e Alexandre Frota deve recuperar mandato de vereador"},"content":{"rendered":"\n<p>A 5\u00aa Turma do Tribunal Regional Federal da 3\u00aa Regi\u00e3o (TRF-3) decidiu, nesta ter\u00e7a-feira (2), extinguir a punibilidade de Alexandre Frota (PDT) ap\u00f3s reconhecer a prescri\u00e7\u00e3o da pena imposta ao ex-vereador por inj\u00faria e difama\u00e7\u00e3o contra o ex-deputado Jean Wyllys. Com a decis\u00e3o, os efeitos da condena\u00e7\u00e3o deixam de valer e o pol\u00edtico deve reaver o mandato perdido na C\u00e2mara Municipal de Cotia (SP).<\/p>\n\n\n\n<p>Frota havia sido condenado a dois anos e 26 dias de deten\u00e7\u00e3o, em regime aberto, al\u00e9m do pagamento de 175 dias-multa. O processo transitou em julgado neste ano, o que levou \u00e0 perda do mandato com base na Lei da Ficha Limpa. No entanto, o TRF-3 entendeu que a pena prescreveu antes de come\u00e7ar a ser cumprida, tornando a condena\u00e7\u00e3o sem efeito pr\u00e1tico.<\/p>\n\n\n\n<p>Segundo o advogado Anthero Junior, respons\u00e1vel pela defesa, a decis\u00e3o corrige uma injusti\u00e7a. Ele afirmou que j\u00e1 ir\u00e1 comunicar a Justi\u00e7a Eleitoral sobre o entendimento do tribunal federal e que o retorno de Frota ao cargo \u00e9 esperado. \u201cVai retornar [o mandato]\u201d, declarou.<\/p>\n\n\n\n<p>A condena\u00e7\u00e3o havia sido imposta pela 2\u00aa Vara Federal de Osasco em 2018. Ap\u00f3s recursos negados nas inst\u00e2ncias superiores, a senten\u00e7a foi confirmada pelo STJ em maio de 2025. O TRF-3 considerou que mais de tr\u00eas anos haviam se passado entre o ac\u00f3rd\u00e3o condenat\u00f3rio, de junho de 2021, e o julgamento final no STJ \u2014 ultrapassando o prazo prescricional previsto em lei.<\/p>\n\n\n\n<p>Diante disso, o colegiado da 5\u00aa Turma concedeu o habeas corpus por unanimidade, encerrando o processo e abrindo caminho para o retorno de Alexandre Frota ao mandato.<\/p>\n\n\n\n<p><em><sub>Por Metr\u00f3poles<\/sub><\/em><\/p>\n\n\n\n<p><\/p>\n","protected":false},"excerpt":{"rendered":"<p>A 5\u00aa Turma do Tribunal Regional Federal da 3\u00aa Regi\u00e3o (TRF-3) decidiu, nesta ter\u00e7a-feira (2), extinguir a punibilidade de Alexandre Frota (PDT) ap\u00f3s reconhecer a prescri\u00e7\u00e3o da pena imposta ao ex-vereador por inj\u00faria e difama\u00e7\u00e3o contra o ex-deputado Jean Wyllys. Com a decis\u00e3o, os efeitos da condena\u00e7\u00e3o deixam de valer e o pol\u00edtico deve reaver&#8230;<\/p>\n","protected":false},"author":1,"featured_media":5833,"comment_status":"open","ping_status":"closed","sticky":false,"template":"","format":"standard","meta":{"footnotes":""},"categories":[6],"tags":[],"class_list":["post-5832","post","type-post","status-publish","format-standard","has-post-thumbnail","hentry","category-politica"],"_links":{"self":[{"href":"https:\/\/cafecommessias.com.br\/index.php?rest_route=\/wp\/v2\/posts\/5832","targetHints":{"allow":["GET"]}}],"collection":[{"href":"https:\/\/cafecommessias.com.br\/index.php?rest_route=\/wp\/v2\/posts"}],"about":[{"href":"https:\/\/cafecommessias.com.br\/index.php?rest_route=\/wp\/v2\/types\/post"}],"author":[{"embeddable":true,"href":"https:\/\/cafecommessias.com.br\/index.php?rest_route=\/wp\/v2\/users\/1"}],"replies":[{"embeddable":true,"href":"https:\/\/cafecommessias.com.br\/index.php?rest_route=%2Fwp%2Fv2%2Fcomments&post=5832"}],"version-history":[{"count":1,"href":"https:\/\/cafecommessias.com.br\/index.php?rest_route=\/wp\/v2\/posts\/5832\/revisions"}],"predecessor-version":[{"id":5834,"href":"https:\/\/cafecommessias.com.br\/index.php?rest_route=\/wp\/v2\/posts\/5832\/revisions\/5834"}],"wp:featuredmedia":[{"embeddable":true,"href":"https:\/\/cafecommessias.com.br\/index.php?rest_route=\/wp\/v2\/media\/5833"}],"wp:attachment":[{"href":"https:\/\/cafecommessias.com.br\/index.php?rest_route=%2Fwp%2Fv2%2Fmedia&parent=5832"}],"wp:term":[{"taxonomy":"category","embeddable":true,"href":"https:\/\/cafecommessias.com.br\/index.php?rest_route=%2Fwp%2Fv2%2Fcategories&post=5832"},{"taxonomy":"post_tag","embeddable":true,"href":"https:\/\/cafecommessias.com.br\/index.php?rest_route=%2Fwp%2Fv2%2Ftags&post=5832"}],"curies":[{"name":"wp","href":"https:\/\/api.w.org\/{rel}","templated":true}]}}