{"id":5835,"date":"2025-12-04T09:23:46","date_gmt":"2025-12-04T12:23:46","guid":{"rendered":"https:\/\/cafecommessias.com.br\/?p=5835"},"modified":"2025-12-04T09:23:59","modified_gmt":"2025-12-04T12:23:59","slug":"prefeitura-de-angicos-se-pronuncia-apos-episodios-de-conflitos-de-faccoes-que-paralisaram-a-cidade","status":"publish","type":"post","link":"https:\/\/cafecommessias.com.br\/?p=5835","title":{"rendered":"Prefeitura de Angicos se pronuncia ap\u00f3s epis\u00f3dios de conflitos de fac\u00e7\u00f5es que paralisaram a cidade"},"content":{"rendered":"\n<p>A onda de viol\u00eancia registrada nos \u00faltimos dias em Angicos provocou novos desdobramentos. Ap\u00f3s uma s\u00e9rie de incidentes e amea\u00e7as que levaram moradores a recolherem-se mais cedo e comerciantes a fecharem as portas, a Prefeitura Municipal divulgou uma nota oficial confirmando que as aulas da Rede Municipal de Ensino ser\u00e3o mantidas normalmente nesta quinta-feira (4). A decis\u00e3o foi tomada ap\u00f3s uma reuni\u00e3o emergencial envolvendo autoridades municipais, estaduais, acad\u00eamicas e for\u00e7as de seguran\u00e7a.<\/p>\n\n\n\n<p>O encontro ocorreu entre o prefeito Miguel Pinheiro Neto, a secret\u00e1ria municipal de Educa\u00e7\u00e3o Maria Tereza Baracho, a secret\u00e1ria de Estado da Educa\u00e7\u00e3o Socorro Batista, o diretor da UFERSA \u2013 Campus Angicos, professor Samuel Azevedo, e o coronel PM Alarico Jos\u00e9 Pessoa de Azevedo J\u00fanior. Segundo a Prefeitura, ficou garantido o refor\u00e7o do policiamento nos pr\u00f3ximos dias, assegurando condi\u00e7\u00f5es para a continuidade das atividades escolares.<\/p>\n\n\n\n<p><strong>Confira a nota:<\/strong><\/p>\n\n\n\n<p><em>A Prefeitura Municipal de Angicos vem a p\u00fablico informar que, ap\u00f3s reuni\u00e3o conjunta realizada na noite desta quarta-feira, 03 de dezembro de 2025, entre o Prefeito Miguel Pinheiro Neto, a Secret\u00e1ria Municipal de Educa\u00e7\u00e3o Maria Tereza Baracho, a Secret\u00e1ria de Estado da Educa\u00e7\u00e3o Socorro Batista, o Diretor da UFERSA \u2013 Campus Angicos professor Samuel Azevedo e o Coronel PM Alarico Jos\u00e9 Pessoa de Azevedo J\u00fanior, ficou deliberado que as atividades escolares da Rede Municipal de Ensino ocorrer\u00e3o normalmente no dia 04 de dezembro de 2025.<\/em><\/p>\n\n\n\n<p><em>Durante a reuni\u00e3o, o Coronel Alarico assegurou o refor\u00e7o do efetivo policial, garantindo ordem, tranquilidade e respeito em todo o munic\u00edpio nos pr\u00f3ximos dias. Diante desse cen\u00e1rio, a gest\u00e3o municipal reafirma que n\u00e3o h\u00e1 recomenda\u00e7\u00e3o para suspens\u00e3o das aulas, assegurando condi\u00e7\u00f5es adequadas de funcionamento das escolas.<\/em><\/p>\n\n\n\n<p><em>A Prefeitura refor\u00e7a seu compromisso com a seguran\u00e7a da popula\u00e7\u00e3o e orienta que estudantes, fam\u00edlias e profissionais da educa\u00e7\u00e3o mantenham sua rotina escolar, acompanhando as informa\u00e7\u00f5es oficiais divulgadas pelos canais da gest\u00e3o municipal.<\/em><\/p>\n\n\n\n<p><em>Angicos, 03 de dezembro de 2025<\/em><\/p>\n\n\n\n<p><em>Miguel Pinheiro Neto<\/em><br><em>Prefeito de Angicos\/RN<\/em><\/p>\n\n\n\n<p>A manifesta\u00e7\u00e3o ocorre ap\u00f3s uma sequ\u00eancia de epis\u00f3dios de viol\u00eancia que alteraram a rotina da cidade nos \u00faltimos dias. Moradores relataram ruas vazias, fechamento antecipado de com\u00e9rcios e sensa\u00e7\u00e3o de inseguran\u00e7a crescente. A UFERSA Campus Angicos, por precau\u00e7\u00e3o, chegou a suspender suas atividades administrativas durante a noite dessa quarta-feira (3).<\/p>\n\n\n\n<p>O clima de instabilidade levou ainda ao adiamento do evento \u201cNatal Solid\u00e1rio Antecipado\u201d, que aconteceria no s\u00e1bado (6). A organiza\u00e7\u00e3o informou que os ingressos seguem v\u00e1lidos para a nova data, que ser\u00e1 divulgada em breve.<\/p>\n","protected":false},"excerpt":{"rendered":"<p>A onda de viol\u00eancia registrada nos \u00faltimos dias em Angicos provocou novos desdobramentos. Ap\u00f3s uma s\u00e9rie de incidentes e amea\u00e7as que levaram moradores a recolherem-se mais cedo e comerciantes a fecharem as portas, a Prefeitura Municipal divulgou uma nota oficial confirmando que as aulas da Rede Municipal de Ensino ser\u00e3o mantidas normalmente nesta quinta-feira (4)&#8230;.<\/p>\n","protected":false},"author":1,"featured_media":5836,"comment_status":"open","ping_status":"closed","sticky":false,"template":"","format":"standard","meta":{"footnotes":""},"categories":[8],"tags":[],"class_list":["post-5835","post","type-post","status-publish","format-standard","has-post-thumbnail","hentry","category-cidades"],"_links":{"self":[{"href":"https:\/\/cafecommessias.com.br\/index.php?rest_route=\/wp\/v2\/posts\/5835","targetHints":{"allow":["GET"]}}],"collection":[{"href":"https:\/\/cafecommessias.com.br\/index.php?rest_route=\/wp\/v2\/posts"}],"about":[{"href":"https:\/\/cafecommessias.com.br\/index.php?rest_route=\/wp\/v2\/types\/post"}],"author":[{"embeddable":true,"href":"https:\/\/cafecommessias.com.br\/index.php?rest_route=\/wp\/v2\/users\/1"}],"replies":[{"embeddable":true,"href":"https:\/\/cafecommessias.com.br\/index.php?rest_route=%2Fwp%2Fv2%2Fcomments&post=5835"}],"version-history":[{"count":1,"href":"https:\/\/cafecommessias.com.br\/index.php?rest_route=\/wp\/v2\/posts\/5835\/revisions"}],"predecessor-version":[{"id":5837,"href":"https:\/\/cafecommessias.com.br\/index.php?rest_route=\/wp\/v2\/posts\/5835\/revisions\/5837"}],"wp:featuredmedia":[{"embeddable":true,"href":"https:\/\/cafecommessias.com.br\/index.php?rest_route=\/wp\/v2\/media\/5836"}],"wp:attachment":[{"href":"https:\/\/cafecommessias.com.br\/index.php?rest_route=%2Fwp%2Fv2%2Fmedia&parent=5835"}],"wp:term":[{"taxonomy":"category","embeddable":true,"href":"https:\/\/cafecommessias.com.br\/index.php?rest_route=%2Fwp%2Fv2%2Fcategories&post=5835"},{"taxonomy":"post_tag","embeddable":true,"href":"https:\/\/cafecommessias.com.br\/index.php?rest_route=%2Fwp%2Fv2%2Ftags&post=5835"}],"curies":[{"name":"wp","href":"https:\/\/api.w.org\/{rel}","templated":true}]}}