{"id":5855,"date":"2025-12-04T12:09:08","date_gmt":"2025-12-04T15:09:08","guid":{"rendered":"https:\/\/cafecommessias.com.br\/?p=5855"},"modified":"2025-12-04T12:09:21","modified_gmt":"2025-12-04T15:09:21","slug":"motivo-de-lulinha-ter-mudado-do-brasil-gera-desconfiancas-na-cpmi","status":"publish","type":"post","link":"https:\/\/cafecommessias.com.br\/?p=5855","title":{"rendered":"Motivo de Lulinha ter mudado do Brasil gera desconfian\u00e7as na CPMI"},"content":{"rendered":"\n<p>Na mira das investiga\u00e7\u00f5es da Pol\u00edcia Federal e da CPMI do INSS, F\u00e1bio Luis Lula da Silva, filho do presidente Lula, se mudou para Madri , na Espanha, em meados deste ano. A informa\u00e7\u00e3o do destino de Lulinha foi revelada pela coluna Andreza Matais em julho.<\/p>\n\n\n\n<p>Nesta quinta-feira, o Poder 360 revelou e a coluna confirmou que um assessor do Careca do INSS, principal operador do esquema que desviou dinheiro de aposentados e pensionistas, disse, em depoimento \u00e0 Pol\u00edcia Federal que Lulinha recebia um \u201cmensal\u00e3o\u201d do grupo no valor de R$ 300 mil ao m\u00eas.<\/p>\n\n\n\n<p>A oposi\u00e7\u00e3o quer saber agora se a sa\u00edda de Lulinha do Brasil revela que ele teve acesso antecipado aos fatos ou uma forma de tir\u00e1-lo do Brasil no momento em que o Congresso apontava para a cria\u00e7\u00e3o de uma CPMI, que teria acesso e todos os documentos da Pol\u00edcia Federal acerca das investiga\u00e7\u00f5es.<\/p>\n\n\n\n<p>Desde que a comiss\u00e3o de inqu\u00e9rito foi criada, Lulinha foi mencionado v\u00e1rias vezes por deputados durante os trabalhos. O suposto envolvimento do filho do presidente est\u00e1 entre os motivos de a oposi\u00e7\u00e3o ter insistido na cria\u00e7\u00e3o da CPMI, que tamb\u00e9m mira o irm\u00e3o do presidente, Frei Chico, diretor do Sindipi, sindicato investigado pela PF por descontos ilegais nos contracheques de milhares de aposentados.<\/p>\n\n\n\n<p>Em Madri, segundo apurou a coluna, Lulinha prestaria consultoria para empresas espanholas que atuam no Brasil. Procurado, nunca respondeu aos questionamentos sobre o assunto.<\/p>\n\n\n\n<p><em><sub>Por Metr\u00f3poles<\/sub><\/em><\/p>\n\n\n\n<p><\/p>\n","protected":false},"excerpt":{"rendered":"<p>Na mira das investiga\u00e7\u00f5es da Pol\u00edcia Federal e da CPMI do INSS, F\u00e1bio Luis Lula da Silva, filho do presidente Lula, se mudou para Madri , na Espanha, em meados deste ano. A informa\u00e7\u00e3o do destino de Lulinha foi revelada pela coluna Andreza Matais em julho. Nesta quinta-feira, o Poder 360 revelou e a coluna&#8230;<\/p>\n","protected":false},"author":1,"featured_media":5856,"comment_status":"open","ping_status":"closed","sticky":false,"template":"","format":"standard","meta":{"footnotes":""},"categories":[3],"tags":[],"class_list":["post-5855","post","type-post","status-publish","format-standard","has-post-thumbnail","hentry","category-geral"],"_links":{"self":[{"href":"https:\/\/cafecommessias.com.br\/index.php?rest_route=\/wp\/v2\/posts\/5855","targetHints":{"allow":["GET"]}}],"collection":[{"href":"https:\/\/cafecommessias.com.br\/index.php?rest_route=\/wp\/v2\/posts"}],"about":[{"href":"https:\/\/cafecommessias.com.br\/index.php?rest_route=\/wp\/v2\/types\/post"}],"author":[{"embeddable":true,"href":"https:\/\/cafecommessias.com.br\/index.php?rest_route=\/wp\/v2\/users\/1"}],"replies":[{"embeddable":true,"href":"https:\/\/cafecommessias.com.br\/index.php?rest_route=%2Fwp%2Fv2%2Fcomments&post=5855"}],"version-history":[{"count":1,"href":"https:\/\/cafecommessias.com.br\/index.php?rest_route=\/wp\/v2\/posts\/5855\/revisions"}],"predecessor-version":[{"id":5857,"href":"https:\/\/cafecommessias.com.br\/index.php?rest_route=\/wp\/v2\/posts\/5855\/revisions\/5857"}],"wp:featuredmedia":[{"embeddable":true,"href":"https:\/\/cafecommessias.com.br\/index.php?rest_route=\/wp\/v2\/media\/5856"}],"wp:attachment":[{"href":"https:\/\/cafecommessias.com.br\/index.php?rest_route=%2Fwp%2Fv2%2Fmedia&parent=5855"}],"wp:term":[{"taxonomy":"category","embeddable":true,"href":"https:\/\/cafecommessias.com.br\/index.php?rest_route=%2Fwp%2Fv2%2Fcategories&post=5855"},{"taxonomy":"post_tag","embeddable":true,"href":"https:\/\/cafecommessias.com.br\/index.php?rest_route=%2Fwp%2Fv2%2Ftags&post=5855"}],"curies":[{"name":"wp","href":"https:\/\/api.w.org\/{rel}","templated":true}]}}