{"id":5896,"date":"2025-12-04T20:04:58","date_gmt":"2025-12-04T23:04:58","guid":{"rendered":"https:\/\/cafecommessias.com.br\/?p=5896"},"modified":"2025-12-04T20:06:33","modified_gmt":"2025-12-04T23:06:33","slug":"vou-meter-uma-bala-na-sua-cabeca-disse-careca-a-testemunha-que-acusa-lulinha","status":"publish","type":"post","link":"https:\/\/cafecommessias.com.br\/?p=5896","title":{"rendered":"\u201cVou meter uma bala na sua cabe\u00e7a\u201d, disse Careca a testemunha que acusa Lulinha"},"content":{"rendered":"\n<p>A crise envolvendo o \u201cCareca do INSS\u201d ganhou contornos de filme policial. Em depoimento \u00e0\u00a0Pol\u00edcia Federal, o ex-diretor da World Cannabis, Edson Claro, afirmou que Ant\u00f4nio Carlos Camilo Antunes o amea\u00e7ou de morte ao cobrar celulares, notebooks e um iPad que poderiam conter informa\u00e7\u00f5es sens\u00edveis. \u201cVou meter uma bala na sua cabe\u00e7a\u201d, teria disparado Careca, segundo o relato registrado na Pol\u00edcia Civil de S\u00e3o Paulo.<\/p>\n\n\n\n<p>Edson tamb\u00e9m declarou que\u00a0Careca pagava mesada de R$ 300 mil a F\u00e1bio Lu\u00eds Lula da Silva, o Lulinha, al\u00e9m de ter repassado R$ 25 milh\u00f5es ao filho do presidente Lula\u00a0\u2014 valor que a pr\u00f3pria CPMI do INSS n\u00e3o conseguiu identificar em qual moeda foi pago. O ex-executivo diz que deixou o local da amea\u00e7a avisando que colaborava com a PF.<\/p>\n\n\n\n<p>Mesmo com den\u00fancias cada vez mais pesadas, o governo Lula conseguiu blindar o herdeiro pol\u00edtico. A\u00a0CPMI do INSS rejeitou a convoca\u00e7\u00e3o de Lulinha por 19 votos a 12, numa articula\u00e7\u00e3o direta da base governista. O filho do presidente vive atualmente em Madri, para onde se mudou quando a \u201cfarra do INSS\u201d passou a ocupar o notici\u00e1rio.<\/p>\n\n\n\n<p>O inqu\u00e9rito ainda aponta disputas por bens, d\u00edvidas e conflitos comerciais entre Careca e Edson Claro.<\/p>\n","protected":false},"excerpt":{"rendered":"<p>A crise envolvendo o \u201cCareca do INSS\u201d ganhou contornos de filme policial. Em depoimento \u00e0\u00a0Pol\u00edcia Federal, o ex-diretor da World Cannabis, Edson Claro, afirmou que Ant\u00f4nio Carlos Camilo Antunes o amea\u00e7ou de morte ao cobrar celulares, notebooks e um iPad que poderiam conter informa\u00e7\u00f5es sens\u00edveis. \u201cVou meter uma bala na sua cabe\u00e7a\u201d, teria disparado Careca,&#8230;<\/p>\n","protected":false},"author":1,"featured_media":5897,"comment_status":"open","ping_status":"closed","sticky":false,"template":"","format":"standard","meta":{"footnotes":""},"categories":[23],"tags":[],"class_list":["post-5896","post","type-post","status-publish","format-standard","has-post-thumbnail","hentry","category-crime"],"_links":{"self":[{"href":"https:\/\/cafecommessias.com.br\/index.php?rest_route=\/wp\/v2\/posts\/5896","targetHints":{"allow":["GET"]}}],"collection":[{"href":"https:\/\/cafecommessias.com.br\/index.php?rest_route=\/wp\/v2\/posts"}],"about":[{"href":"https:\/\/cafecommessias.com.br\/index.php?rest_route=\/wp\/v2\/types\/post"}],"author":[{"embeddable":true,"href":"https:\/\/cafecommessias.com.br\/index.php?rest_route=\/wp\/v2\/users\/1"}],"replies":[{"embeddable":true,"href":"https:\/\/cafecommessias.com.br\/index.php?rest_route=%2Fwp%2Fv2%2Fcomments&post=5896"}],"version-history":[{"count":2,"href":"https:\/\/cafecommessias.com.br\/index.php?rest_route=\/wp\/v2\/posts\/5896\/revisions"}],"predecessor-version":[{"id":5899,"href":"https:\/\/cafecommessias.com.br\/index.php?rest_route=\/wp\/v2\/posts\/5896\/revisions\/5899"}],"wp:featuredmedia":[{"embeddable":true,"href":"https:\/\/cafecommessias.com.br\/index.php?rest_route=\/wp\/v2\/media\/5897"}],"wp:attachment":[{"href":"https:\/\/cafecommessias.com.br\/index.php?rest_route=%2Fwp%2Fv2%2Fmedia&parent=5896"}],"wp:term":[{"taxonomy":"category","embeddable":true,"href":"https:\/\/cafecommessias.com.br\/index.php?rest_route=%2Fwp%2Fv2%2Fcategories&post=5896"},{"taxonomy":"post_tag","embeddable":true,"href":"https:\/\/cafecommessias.com.br\/index.php?rest_route=%2Fwp%2Fv2%2Ftags&post=5896"}],"curies":[{"name":"wp","href":"https:\/\/api.w.org\/{rel}","templated":true}]}}