{"id":59,"date":"2025-07-10T00:27:26","date_gmt":"2025-07-10T03:27:26","guid":{"rendered":"http:\/\/cafecommessias.com.br\/?p=59"},"modified":"2025-07-10T00:27:26","modified_gmt":"2025-07-10T03:27:26","slug":"ai-cade-meus-vira-latas-janja-explica-frase-dita-apos-jornalista-questionar-lula-sobre-tarifa-de-trump","status":"publish","type":"post","link":"https:\/\/cafecommessias.com.br\/?p=59","title":{"rendered":"&#8220;Ai, cad\u00ea meus vira-latas&#8221;: Janja explica frase dita ap\u00f3s jornalista questionar Lula sobre tarifa de Trump"},"content":{"rendered":"\n<p>Fala da primeira-dama gerou pol\u00eamica, e a assessoria se pronunciou sobre o caso<\/p>\n\n\n\n<p>Um coment\u00e1rio da\u00a0<strong>primeira-dama, Ros\u00e2ngela da Silva<\/strong>, a Janja, gerou\u00a0<strong>pol\u00eamica\u00a0<\/strong>nesta quarta-feira. Em um v\u00eddeo, jornalistas questionam o presidente Luiz In\u00e1cio\u00a0<strong>Lula\u00a0<\/strong>da Silva (PT) sobre a\u00a0<strong>tarifa dos Estados Unidos contra o Brasil<\/strong>, que Donald Trump estava prestes a anunciar, e ao fundo, batendo palmas, Janja fala:<\/p>\n\n\n\n<p>\u2014 Ai, cad\u00ea meus vira-latas?<\/p>\n\n\n\n<p>O epis\u00f3dio aconteceu quando Lula \u2014 que n\u00e3o respondeu \u00e0 pergunta \u2014 estava se despedindo do presidente da Indon\u00e9sia, Prabowo Subianto, no sal\u00e3o do Pal\u00e1cio do Itamaraty.<\/p>\n\n\n\n<p>Ap\u00f3s o epis\u00f3dio, a assessoria de Janja se pronunciou <strong>\u00a0<\/strong>sobre o caso:<\/p>\n\n\n\n<p>&#8220;A frase dita pela primeira-dama, Janja Lula da Silva,\u00a0<strong>n\u00e3o se refere aos jornalistas<\/strong>\u00a0que perguntaram ao presidente Lula sobre as declara\u00e7\u00f5es do presidente americano. E, sim, aos\u00a0<strong>bolsonaristas que est\u00e3o traindo os interesses e a soberania do Brasil.<\/strong>&#8220;<\/p>\n\n\n\n<p><\/p>\n","protected":false},"excerpt":{"rendered":"<p>Fala da primeira-dama gerou pol\u00eamica, e a assessoria se pronunciou sobre o caso Um coment\u00e1rio da\u00a0primeira-dama, Ros\u00e2ngela da Silva, a Janja, gerou\u00a0pol\u00eamica\u00a0nesta quarta-feira. Em um v\u00eddeo, jornalistas questionam o presidente Luiz In\u00e1cio\u00a0Lula\u00a0da Silva (PT) sobre a\u00a0tarifa dos Estados Unidos contra o Brasil, que Donald Trump estava prestes a anunciar, e ao fundo, batendo palmas, Janja&#8230;<\/p>\n","protected":false},"author":1,"featured_media":60,"comment_status":"open","ping_status":"open","sticky":false,"template":"","format":"standard","meta":{"footnotes":""},"categories":[1],"tags":[],"class_list":["post-59","post","type-post","status-publish","format-standard","has-post-thumbnail","hentry","category-saude"],"_links":{"self":[{"href":"https:\/\/cafecommessias.com.br\/index.php?rest_route=\/wp\/v2\/posts\/59","targetHints":{"allow":["GET"]}}],"collection":[{"href":"https:\/\/cafecommessias.com.br\/index.php?rest_route=\/wp\/v2\/posts"}],"about":[{"href":"https:\/\/cafecommessias.com.br\/index.php?rest_route=\/wp\/v2\/types\/post"}],"author":[{"embeddable":true,"href":"https:\/\/cafecommessias.com.br\/index.php?rest_route=\/wp\/v2\/users\/1"}],"replies":[{"embeddable":true,"href":"https:\/\/cafecommessias.com.br\/index.php?rest_route=%2Fwp%2Fv2%2Fcomments&post=59"}],"version-history":[{"count":1,"href":"https:\/\/cafecommessias.com.br\/index.php?rest_route=\/wp\/v2\/posts\/59\/revisions"}],"predecessor-version":[{"id":61,"href":"https:\/\/cafecommessias.com.br\/index.php?rest_route=\/wp\/v2\/posts\/59\/revisions\/61"}],"wp:featuredmedia":[{"embeddable":true,"href":"https:\/\/cafecommessias.com.br\/index.php?rest_route=\/wp\/v2\/media\/60"}],"wp:attachment":[{"href":"https:\/\/cafecommessias.com.br\/index.php?rest_route=%2Fwp%2Fv2%2Fmedia&parent=59"}],"wp:term":[{"taxonomy":"category","embeddable":true,"href":"https:\/\/cafecommessias.com.br\/index.php?rest_route=%2Fwp%2Fv2%2Fcategories&post=59"},{"taxonomy":"post_tag","embeddable":true,"href":"https:\/\/cafecommessias.com.br\/index.php?rest_route=%2Fwp%2Fv2%2Ftags&post=59"}],"curies":[{"name":"wp","href":"https:\/\/api.w.org\/{rel}","templated":true}]}}