{"id":5900,"date":"2025-12-04T20:09:58","date_gmt":"2025-12-04T23:09:58","guid":{"rendered":"https:\/\/cafecommessias.com.br\/?p=5900"},"modified":"2025-12-15T23:49:13","modified_gmt":"2025-12-16T02:49:13","slug":"dado-como-morto-homem-acusado-pela-filha-de-abusar-da-neta-e-resgatado-em-mata","status":"publish","type":"post","link":"https:\/\/cafecommessias.com.br\/?p=5900","title":{"rendered":"Dado como morto, homem acusado pela filha de abusar da neta \u00e9 resgatado em mata"},"content":{"rendered":"\n<p>Uma reviravolta foi registrada no caso recente que chocou a cidade de Carna\u00faba dos Dantas. O homem acusado pela filha de ter sido flagrado abusando da neta \u2013 filha dela \u2013 sobreviveu ao ataque perpetrado pela mulher e foi resgatado. At\u00e9 essa quarta-feira (3), dia do caso, a pr\u00f3pria Pol\u00edcia Civil procurava por o corpo do homem, ap\u00f3s a filha afirmar ter matado e enterrado o pai.<\/p>\n\n\n\n<p>O delegado Roney N\u00f3brega, respons\u00e1vel pela investiga\u00e7\u00e3o do caso, detalhou as informa\u00e7\u00f5es j\u00e1 levantadas pela Delegacia de Acari. A confirma\u00e7\u00e3o que o homem sobreviveu veio nesta quinta-feira (4) ap\u00f3s a Pol\u00edcia Civil conseguir localiz\u00e1-lo. Ele usa tornozeleira eletr\u00f4nica, que estava descarregada no momento que conseguiu fugir do ataque e se esconder numa \u00e1rea de mata. Segundo o delegado, o homem foi resgatado por um outro filho, que o tirou da cidade.<\/p>\n\n\n\n<ul class=\"wp-block-list\">\n<li>Mulher diz ter matado o pai ap\u00f3s flagrar abuso dele contra a filha no interior do RN<\/li>\n<\/ul>\n\n\n\n<p>\u201cEssa pessoa se encontra bem, est\u00e1 bastante lesionada, principalmente na regi\u00e3o do rosto, porque foi agredida\u201d, detalhou Roney N\u00f3brega. O homem, de 58 anos, foi ouvido pelo delegado e disse que a filha dele estava junto com outra pessoa \u2013 ainda n\u00e3o foi identificada \u2013 com a inten\u00e7\u00e3o de mat\u00e1-lo.<\/p>\n\n\n\n<figure class=\"wp-block-embed is-type-video is-provider-youtube wp-block-embed-youtube wp-embed-aspect-16-9 wp-has-aspect-ratio\"><div class=\"wp-block-embed__wrapper\">\n<iframe loading=\"lazy\" title=\"Dado como morto, homem acusado pela filha de abusar da neta \u00e9 resgatado em mata\" width=\"640\" height=\"360\" src=\"https:\/\/www.youtube.com\/embed\/FCJQFo3JheA?feature=oembed\" frameborder=\"0\" allow=\"accelerometer; autoplay; clipboard-write; encrypted-media; gyroscope; picture-in-picture; web-share\" referrerpolicy=\"strict-origin-when-cross-origin\" allowfullscreen><\/iframe>\n<\/div><\/figure>\n\n\n\n<p>O delegado afirma que ele n\u00e3o foi localizado de pronto porque o a tornozeleira eletr\u00f4nica que ele usa havia descarregado e, por isso, n\u00e3o estava emitindo a localiza\u00e7\u00e3o.<\/p>\n\n\n<div class=\"wp-block-post-author\"><div class=\"wp-block-post-author__avatar\"><img alt='' src='https:\/\/secure.gravatar.com\/avatar\/a62bcf199877d37056dc55ccc32b6decbd05abb46ce616ef4c38b16491e4d91d?s=48&#038;r=g' srcset='https:\/\/secure.gravatar.com\/avatar\/a62bcf199877d37056dc55ccc32b6decbd05abb46ce616ef4c38b16491e4d91d?s=96&#038;r=g 2x' class='avatar avatar-48 photo' height='48' width='48' \/><\/div><div class=\"wp-block-post-author__content\"><p class=\"wp-block-post-author__name\">Blogcafecommessias<\/p><\/div><\/div>","protected":false},"excerpt":{"rendered":"<p>Uma reviravolta foi registrada no caso recente que chocou a cidade de Carna\u00faba dos Dantas. O homem acusado pela filha de ter sido flagrado abusando da neta \u2013 filha dela \u2013 sobreviveu ao ataque perpetrado pela mulher e foi resgatado. At\u00e9 essa quarta-feira (3), dia do caso, a pr\u00f3pria Pol\u00edcia Civil procurava por o corpo&#8230;<\/p>\n","protected":false},"author":1,"featured_media":5901,"comment_status":"open","ping_status":"closed","sticky":false,"template":"","format":"standard","meta":{"footnotes":""},"categories":[23],"tags":[],"class_list":["post-5900","post","type-post","status-publish","format-standard","has-post-thumbnail","hentry","category-crime"],"_links":{"self":[{"href":"https:\/\/cafecommessias.com.br\/index.php?rest_route=\/wp\/v2\/posts\/5900","targetHints":{"allow":["GET"]}}],"collection":[{"href":"https:\/\/cafecommessias.com.br\/index.php?rest_route=\/wp\/v2\/posts"}],"about":[{"href":"https:\/\/cafecommessias.com.br\/index.php?rest_route=\/wp\/v2\/types\/post"}],"author":[{"embeddable":true,"href":"https:\/\/cafecommessias.com.br\/index.php?rest_route=\/wp\/v2\/users\/1"}],"replies":[{"embeddable":true,"href":"https:\/\/cafecommessias.com.br\/index.php?rest_route=%2Fwp%2Fv2%2Fcomments&post=5900"}],"version-history":[{"count":2,"href":"https:\/\/cafecommessias.com.br\/index.php?rest_route=\/wp\/v2\/posts\/5900\/revisions"}],"predecessor-version":[{"id":6518,"href":"https:\/\/cafecommessias.com.br\/index.php?rest_route=\/wp\/v2\/posts\/5900\/revisions\/6518"}],"wp:featuredmedia":[{"embeddable":true,"href":"https:\/\/cafecommessias.com.br\/index.php?rest_route=\/wp\/v2\/media\/5901"}],"wp:attachment":[{"href":"https:\/\/cafecommessias.com.br\/index.php?rest_route=%2Fwp%2Fv2%2Fmedia&parent=5900"}],"wp:term":[{"taxonomy":"category","embeddable":true,"href":"https:\/\/cafecommessias.com.br\/index.php?rest_route=%2Fwp%2Fv2%2Fcategories&post=5900"},{"taxonomy":"post_tag","embeddable":true,"href":"https:\/\/cafecommessias.com.br\/index.php?rest_route=%2Fwp%2Fv2%2Ftags&post=5900"}],"curies":[{"name":"wp","href":"https:\/\/api.w.org\/{rel}","templated":true}]}}