{"id":5930,"date":"2025-12-05T08:30:00","date_gmt":"2025-12-05T11:30:00","guid":{"rendered":"https:\/\/cafecommessias.com.br\/?p=5930"},"modified":"2025-12-15T23:59:26","modified_gmt":"2025-12-16T02:59:26","slug":"reducao-de-pena-de-bolsonaro-ameaca-provocar-nova-crise-entre-os-poderes","status":"publish","type":"post","link":"https:\/\/cafecommessias.com.br\/?p=5930","title":{"rendered":"Redu\u00e7\u00e3o de pena de Bolsonaro amea\u00e7a provocar nova crise entre os Poderes"},"content":{"rendered":"\n<p>Parlamentares da oposi\u00e7\u00e3o trabalham em projeto que pode reduzir a pena de Jair Bolsonaro de 27 anos e tr\u00eas meses por tentativa de golpe de Estado para apenas 2 anos e quatro meses, segundo o relator, deputado Paulinho da For\u00e7a. A proposta, ainda que em an\u00e1lise, acende alertas sobre impactos pol\u00edticos e jur\u00eddicos e o risco de tensionar ainda mais a rela\u00e7\u00e3o entre os Poderes.<\/p>\n\n\n\n<p>Especialistas ouvidos pelo R7 destacam que a iniciativa tem car\u00e1ter in\u00e9dito e pode gerar precedentes perigosos. O advogado criminalista Berlinque Cantelmo alerta: \u201cA aprova\u00e7\u00e3o do PL da anistia n\u00e3o apenas modifica a situa\u00e7\u00e3o jur\u00eddica dos condenados, mas redesenha o debate pol\u00edtico nacional, desafia o papel do Judici\u00e1rio e influencia o equil\u00edbrio entre os Poderes\u201d.<\/p>\n\n\n\n<p>O professor de Direito Constitucional Luiz Gustavo Cunha explica que a medida poderia atingir processos em andamento, investiga\u00e7\u00f5es e at\u00e9 condena\u00e7\u00f5es j\u00e1 confirmadas, criando um precedente para que grupos organizados pressionem o Parlamento por solu\u00e7\u00f5es semelhantes.<\/p>\n\n\n\n<p>\u201cO impacto pr\u00e1tico pode ser pr\u00f3ximo ao de uma anistia parcial, j\u00e1 que a pena se tornaria residual. Essa caracter\u00edstica h\u00edbrida diferencia a proposta de experi\u00eancias anteriores no pa\u00eds\u201d, acrescenta.<\/p>\n\n\n\n<p>No campo pol\u00edtico, analistas apontam que a redu\u00e7\u00e3o da pena permitiria a Bolsonaro reassumir protagonismo. Para Gabriel Petter, isso n\u00e3o necessariamente enfraqueceria Lula, mas daria ao ex-presidente espa\u00e7o para influenciar seu campo pol\u00edtico e ideol\u00f3gico, mesmo em cen\u00e1rio diferente do per\u00edodo em que ocupou o Planalto.<\/p>\n\n\n<div class=\"wp-block-post-author\"><div class=\"wp-block-post-author__avatar\"><img alt='' src='https:\/\/secure.gravatar.com\/avatar\/a62bcf199877d37056dc55ccc32b6decbd05abb46ce616ef4c38b16491e4d91d?s=48&#038;r=g' srcset='https:\/\/secure.gravatar.com\/avatar\/a62bcf199877d37056dc55ccc32b6decbd05abb46ce616ef4c38b16491e4d91d?s=96&#038;r=g 2x' class='avatar avatar-48 photo' height='48' width='48' \/><\/div><div class=\"wp-block-post-author__content\"><p class=\"wp-block-post-author__name\">Blogcafecommessias<\/p><\/div><\/div>","protected":false},"excerpt":{"rendered":"<p>Parlamentares da oposi\u00e7\u00e3o trabalham em projeto que pode reduzir a pena de Jair Bolsonaro de 27 anos e tr\u00eas meses por tentativa de golpe de Estado para apenas 2 anos e quatro meses, segundo o relator, deputado Paulinho da For\u00e7a. A proposta, ainda que em an\u00e1lise, acende alertas sobre impactos pol\u00edticos e jur\u00eddicos e o&#8230;<\/p>\n","protected":false},"author":1,"featured_media":5931,"comment_status":"open","ping_status":"closed","sticky":false,"template":"","format":"standard","meta":{"footnotes":""},"categories":[37],"tags":[],"class_list":["post-5930","post","type-post","status-publish","format-standard","has-post-thumbnail","hentry","category-brasil"],"_links":{"self":[{"href":"https:\/\/cafecommessias.com.br\/index.php?rest_route=\/wp\/v2\/posts\/5930","targetHints":{"allow":["GET"]}}],"collection":[{"href":"https:\/\/cafecommessias.com.br\/index.php?rest_route=\/wp\/v2\/posts"}],"about":[{"href":"https:\/\/cafecommessias.com.br\/index.php?rest_route=\/wp\/v2\/types\/post"}],"author":[{"embeddable":true,"href":"https:\/\/cafecommessias.com.br\/index.php?rest_route=\/wp\/v2\/users\/1"}],"replies":[{"embeddable":true,"href":"https:\/\/cafecommessias.com.br\/index.php?rest_route=%2Fwp%2Fv2%2Fcomments&post=5930"}],"version-history":[{"count":2,"href":"https:\/\/cafecommessias.com.br\/index.php?rest_route=\/wp\/v2\/posts\/5930\/revisions"}],"predecessor-version":[{"id":6521,"href":"https:\/\/cafecommessias.com.br\/index.php?rest_route=\/wp\/v2\/posts\/5930\/revisions\/6521"}],"wp:featuredmedia":[{"embeddable":true,"href":"https:\/\/cafecommessias.com.br\/index.php?rest_route=\/wp\/v2\/media\/5931"}],"wp:attachment":[{"href":"https:\/\/cafecommessias.com.br\/index.php?rest_route=%2Fwp%2Fv2%2Fmedia&parent=5930"}],"wp:term":[{"taxonomy":"category","embeddable":true,"href":"https:\/\/cafecommessias.com.br\/index.php?rest_route=%2Fwp%2Fv2%2Fcategories&post=5930"},{"taxonomy":"post_tag","embeddable":true,"href":"https:\/\/cafecommessias.com.br\/index.php?rest_route=%2Fwp%2Fv2%2Ftags&post=5930"}],"curies":[{"name":"wp","href":"https:\/\/api.w.org\/{rel}","templated":true}]}}