{"id":5953,"date":"2025-12-08T11:26:17","date_gmt":"2025-12-08T14:26:17","guid":{"rendered":"https:\/\/cafecommessias.com.br\/?p=5953"},"modified":"2025-12-08T11:26:32","modified_gmt":"2025-12-08T14:26:32","slug":"pl-defende-road-show-de-flavio-para-acalmar-mercado","status":"publish","type":"post","link":"https:\/\/cafecommessias.com.br\/?p=5953","title":{"rendered":"PL defende \u201croad show\u201d de Fl\u00e1vio para acalmar mercado"},"content":{"rendered":"\n<p>A c\u00fapula nacional do PL tem defendido que o senador Fl\u00e1vio Bolsonaro (RJ) fa\u00e7a, no in\u00edcio do ano que vem, um \u201croad show\u201d junto ao mercado financeiro.<\/p>\n\n\n\n<p>A ideia \u00e9 que o pr\u00e9-candidato de oposi\u00e7\u00e3o promova encontros com fundos de investimentos e com o setor produtivo para acalmar os \u00e2nimos.<\/p>\n\n\n\n<p>Para isso, defendem deputados bolsonaristas, Fl\u00e1vio poderia contar com a ajuda de ex-ministros do pai, como Paulo Guedes (Economia) e Adolfo Sachsida (Minas e Energia).<\/p>\n\n\n\n<p>O an\u00fancio de que Jair Bolsonaro escolheu Fl\u00e1vio Bolsonaro, e n\u00e3o Tarc\u00edsio de Freitas (Republicanos), para a sucess\u00e3o presidencial causou impacto negativo no mercado financeiro.<\/p>\n\n\n\n<p>O d\u00f3lar teve alta e a Bolsa registrou queda. At\u00e9 o momento, o governador de S\u00e3o Paulo ainda n\u00e3o se posicionou publicamente sobre o assunto.<\/p>\n\n\n\n<p>A ideia \u00e9 que Fl\u00e1vio demonstre uma postura de modera\u00e7\u00e3o e equil\u00edbrio. E que reafirme que sua inten\u00e7\u00e3o \u00e9 dar continuidade \u00e0 pol\u00edtica econ\u00f4mica do pai, com reformas estruturais de car\u00e1ter privatista e liberalizante.<\/p>\n\n\n\n<p>O presidenci\u00e1vel de direita tamb\u00e9m pode dar in\u00edcio \u00e0 formula\u00e7\u00e3o de um plano de governo econ\u00f4mico para apresentar a potenciais doadores de campanha.<\/p>\n\n\n\n<p><em><sub>Por CNN<\/sub><\/em><\/p>\n\n\n\n<p><\/p>\n","protected":false},"excerpt":{"rendered":"<p>A c\u00fapula nacional do PL tem defendido que o senador Fl\u00e1vio Bolsonaro (RJ) fa\u00e7a, no in\u00edcio do ano que vem, um \u201croad show\u201d junto ao mercado financeiro. A ideia \u00e9 que o pr\u00e9-candidato de oposi\u00e7\u00e3o promova encontros com fundos de investimentos e com o setor produtivo para acalmar os \u00e2nimos. Para isso, defendem deputados bolsonaristas,&#8230;<\/p>\n","protected":false},"author":1,"featured_media":5954,"comment_status":"open","ping_status":"closed","sticky":false,"template":"","format":"standard","meta":{"footnotes":""},"categories":[3],"tags":[],"class_list":["post-5953","post","type-post","status-publish","format-standard","has-post-thumbnail","hentry","category-geral"],"_links":{"self":[{"href":"https:\/\/cafecommessias.com.br\/index.php?rest_route=\/wp\/v2\/posts\/5953","targetHints":{"allow":["GET"]}}],"collection":[{"href":"https:\/\/cafecommessias.com.br\/index.php?rest_route=\/wp\/v2\/posts"}],"about":[{"href":"https:\/\/cafecommessias.com.br\/index.php?rest_route=\/wp\/v2\/types\/post"}],"author":[{"embeddable":true,"href":"https:\/\/cafecommessias.com.br\/index.php?rest_route=\/wp\/v2\/users\/1"}],"replies":[{"embeddable":true,"href":"https:\/\/cafecommessias.com.br\/index.php?rest_route=%2Fwp%2Fv2%2Fcomments&post=5953"}],"version-history":[{"count":1,"href":"https:\/\/cafecommessias.com.br\/index.php?rest_route=\/wp\/v2\/posts\/5953\/revisions"}],"predecessor-version":[{"id":5955,"href":"https:\/\/cafecommessias.com.br\/index.php?rest_route=\/wp\/v2\/posts\/5953\/revisions\/5955"}],"wp:featuredmedia":[{"embeddable":true,"href":"https:\/\/cafecommessias.com.br\/index.php?rest_route=\/wp\/v2\/media\/5954"}],"wp:attachment":[{"href":"https:\/\/cafecommessias.com.br\/index.php?rest_route=%2Fwp%2Fv2%2Fmedia&parent=5953"}],"wp:term":[{"taxonomy":"category","embeddable":true,"href":"https:\/\/cafecommessias.com.br\/index.php?rest_route=%2Fwp%2Fv2%2Fcategories&post=5953"},{"taxonomy":"post_tag","embeddable":true,"href":"https:\/\/cafecommessias.com.br\/index.php?rest_route=%2Fwp%2Fv2%2Ftags&post=5953"}],"curies":[{"name":"wp","href":"https:\/\/api.w.org\/{rel}","templated":true}]}}