{"id":5956,"date":"2025-12-08T11:28:08","date_gmt":"2025-12-08T14:28:08","guid":{"rendered":"https:\/\/cafecommessias.com.br\/?p=5956"},"modified":"2025-12-08T11:28:26","modified_gmt":"2025-12-08T14:28:26","slug":"senado-reage-ao-stf-e-articula-super-pec-para-mudar-indicacoes-ao-supremo","status":"publish","type":"post","link":"https:\/\/cafecommessias.com.br\/?p=5956","title":{"rendered":"Senado reage ao STF e articula \u2018super-PEC\u2019 para mudar indica\u00e7\u00f5es ao Supremo"},"content":{"rendered":"\n<p>Em meio ao choque aberto com o STF, senadores articulam nos bastidores uma \u201csuper-PEC\u201d que pode redesenhar completamente o processo de escolha dos ministros da Corte. A ideia em discuss\u00e3o entre l\u00edderes partid\u00e1rios \u00e9 ampliar de 11 para 13 ou 15 o n\u00famero de cadeiras no Supremo e retirar da Presid\u00eancia da Rep\u00fablica o monop\u00f3lio das indica\u00e7\u00f5es, distribuindo parte das vagas ao Senado e \u00e0 C\u00e2mara. H\u00e1 tamb\u00e9m propostas para limitar o mandato dos ministros, hoje vital\u00edcio at\u00e9 os 75 anos, para algo entre oito e dez anos.<\/p>\n\n\n\n<p>As sugest\u00f5es n\u00e3o s\u00e3o novas, mas ganharam tra\u00e7\u00e3o ap\u00f3s a decis\u00e3o de Gilmar Mendes que esvaziou o poder do Senado de iniciar processos de impeachment contra magistrados. Diversas PECs antigas voltaram \u00e0 mesa: a de Pl\u00ednio Val\u00e9rio (PSDB-AM), que estabelece mandatos de oito anos; a de Angelo Coronel (PSD-BA), que divide as nomea\u00e7\u00f5es entre Executivo e Legislativo; e a de Carlos Portinho (PL-RJ), que inclui lista tr\u00edplice do CNJ e mandato \u00fanico de dez anos. H\u00e1 ainda quem defenda que OAB e Minist\u00e9rio P\u00fablico tamb\u00e9m passem a indicar nomes, em modelo semelhante ao do STJ.<\/p>\n\n\n\n<p>A rea\u00e7\u00e3o pol\u00edtica \u00e9 quase un\u00e2nime no Senado. A liminar de Gilmar, que restringiu as den\u00fancias por crimes de responsabilidade aos pedidos apresentados exclusivamente pelo procurador-geral da Rep\u00fablica, irritou tanto governo quanto oposi\u00e7\u00e3o. Para parlamentares, a decis\u00e3o retirou do Congresso a prerrogativa de iniciar eventual processo de impeachment contra ministros, levando o presidente da Casa, Davi Alcolumbre, a defender uma resposta \u201cestritamente legislativa\u201d.<\/p>\n\n\n\n<p>Al\u00e9m das PECs, avan\u00e7a na CCJ o Projeto de Lei 1.388\/23, de autoria de Rodrigo Pacheco, que atualiza a Lei do Impeachment e amplia o escopo de autoridades que podem perder o mandato. A proposta permite que partidos, a OAB e cidad\u00e3os apresentem den\u00fancia \u2014 desde que cumpram requisitos de iniciativa popular, como 1% do eleitorado distribu\u00eddo por ao menos cinco estados. Se aprovado, o projeto confrontar\u00e1 diretamente os efeitos da decis\u00e3o de Gilmar Mendes.<\/p>\n\n\n\n<p><em><sub>Por Metr\u00f3poles<\/sub><\/em><\/p>\n\n\n\n<p><\/p>\n","protected":false},"excerpt":{"rendered":"<p>Em meio ao choque aberto com o STF, senadores articulam nos bastidores uma \u201csuper-PEC\u201d que pode redesenhar completamente o processo de escolha dos ministros da Corte. A ideia em discuss\u00e3o entre l\u00edderes partid\u00e1rios \u00e9 ampliar de 11 para 13 ou 15 o n\u00famero de cadeiras no Supremo e retirar da Presid\u00eancia da Rep\u00fablica o monop\u00f3lio&#8230;<\/p>\n","protected":false},"author":1,"featured_media":5957,"comment_status":"open","ping_status":"closed","sticky":false,"template":"","format":"standard","meta":{"footnotes":""},"categories":[6],"tags":[],"class_list":["post-5956","post","type-post","status-publish","format-standard","has-post-thumbnail","hentry","category-politica"],"_links":{"self":[{"href":"https:\/\/cafecommessias.com.br\/index.php?rest_route=\/wp\/v2\/posts\/5956","targetHints":{"allow":["GET"]}}],"collection":[{"href":"https:\/\/cafecommessias.com.br\/index.php?rest_route=\/wp\/v2\/posts"}],"about":[{"href":"https:\/\/cafecommessias.com.br\/index.php?rest_route=\/wp\/v2\/types\/post"}],"author":[{"embeddable":true,"href":"https:\/\/cafecommessias.com.br\/index.php?rest_route=\/wp\/v2\/users\/1"}],"replies":[{"embeddable":true,"href":"https:\/\/cafecommessias.com.br\/index.php?rest_route=%2Fwp%2Fv2%2Fcomments&post=5956"}],"version-history":[{"count":1,"href":"https:\/\/cafecommessias.com.br\/index.php?rest_route=\/wp\/v2\/posts\/5956\/revisions"}],"predecessor-version":[{"id":5958,"href":"https:\/\/cafecommessias.com.br\/index.php?rest_route=\/wp\/v2\/posts\/5956\/revisions\/5958"}],"wp:featuredmedia":[{"embeddable":true,"href":"https:\/\/cafecommessias.com.br\/index.php?rest_route=\/wp\/v2\/media\/5957"}],"wp:attachment":[{"href":"https:\/\/cafecommessias.com.br\/index.php?rest_route=%2Fwp%2Fv2%2Fmedia&parent=5956"}],"wp:term":[{"taxonomy":"category","embeddable":true,"href":"https:\/\/cafecommessias.com.br\/index.php?rest_route=%2Fwp%2Fv2%2Fcategories&post=5956"},{"taxonomy":"post_tag","embeddable":true,"href":"https:\/\/cafecommessias.com.br\/index.php?rest_route=%2Fwp%2Fv2%2Ftags&post=5956"}],"curies":[{"name":"wp","href":"https:\/\/api.w.org\/{rel}","templated":true}]}}