{"id":5976,"date":"2025-12-09T07:33:52","date_gmt":"2025-12-09T10:33:52","guid":{"rendered":"https:\/\/cafecommessias.com.br\/?p=5976"},"modified":"2025-12-09T07:34:09","modified_gmt":"2025-12-09T10:34:09","slug":"comissao-espera-resposta-da-procuradoria-para-iniciar-oitivas-em-caso-brisa-bracchi","status":"publish","type":"post","link":"https:\/\/cafecommessias.com.br\/?p=5976","title":{"rendered":"Comiss\u00e3o espera resposta da Procuradoria para iniciar oitivas em caso Brisa Bracchi"},"content":{"rendered":"\n<p>A Comiss\u00e3o Especial que analisa o pedido de cassa\u00e7\u00e3o da vereadora Brisa Bracchi (PT) ainda n\u00e3o deu in\u00edcio \u00e0s oitivas das testemunhas. O grupo aguarda uma resposta da Procuradoria Geral da C\u00e2mara Municipal de Natal (CMN) para esclarecer quais regras e prazos devem orientar o andamento da investiga\u00e7\u00e3o conduzida pelo relator Daniel Rendall (Republicanos).<\/p>\n\n\n\n<p>Segundo a presidente da Comiss\u00e3o, vereadora Samanda Alves (PT), foram enviados tr\u00eas questionamentos formais: se o prazo de intima\u00e7\u00e3o \u00e9 de 24 ou 72 horas, se \u00e9 poss\u00edvel aditar a den\u00fancia mesmo ap\u00f3s o plen\u00e1rio e se os prazos da defesa pr\u00e9via e do relat\u00f3rio preliminar devem ser contados em dias \u00fateis ou corridos. A defini\u00e7\u00e3o desses pontos \u00e9 considerada essencial para evitar novas contesta\u00e7\u00f5es ao processo.<\/p>\n\n\n\n<p>Samanda explicou que o ato da presid\u00eancia da CMN menciona apenas o Decreto-Lei n\u00ba 201\/1967, mas lembrou que, em uma comiss\u00e3o anterior criada para tratar do mesmo caso, tamb\u00e9m foi aplicado o Regimento Interno da Casa. Para ela, ambos devem ser utilizados para dar seguran\u00e7a jur\u00eddica ao procedimento.<\/p>\n\n\n\n<p>A vereadora destacou ainda que, desde a sexta-feira (5), j\u00e1 est\u00e1 em contagem o prazo de dez dias para Brisa apresentar sua defesa pr\u00e9via, seguida de cinco dias para o relator entregar sua primeira manifesta\u00e7\u00e3o. Enquanto isso, todo o trabalho da Comiss\u00e3o fica parado \u00e0 espera da Procuradoria.<\/p>\n\n\n\n<p><em><sub>Por Tribuna do Norte<\/sub><\/em><\/p>\n\n\n\n<p><\/p>\n","protected":false},"excerpt":{"rendered":"<p>A Comiss\u00e3o Especial que analisa o pedido de cassa\u00e7\u00e3o da vereadora Brisa Bracchi (PT) ainda n\u00e3o deu in\u00edcio \u00e0s oitivas das testemunhas. O grupo aguarda uma resposta da Procuradoria Geral da C\u00e2mara Municipal de Natal (CMN) para esclarecer quais regras e prazos devem orientar o andamento da investiga\u00e7\u00e3o conduzida pelo relator Daniel Rendall (Republicanos). Segundo&#8230;<\/p>\n","protected":false},"author":1,"featured_media":5977,"comment_status":"open","ping_status":"closed","sticky":false,"template":"","format":"standard","meta":{"footnotes":""},"categories":[6],"tags":[],"class_list":["post-5976","post","type-post","status-publish","format-standard","has-post-thumbnail","hentry","category-politica"],"_links":{"self":[{"href":"https:\/\/cafecommessias.com.br\/index.php?rest_route=\/wp\/v2\/posts\/5976","targetHints":{"allow":["GET"]}}],"collection":[{"href":"https:\/\/cafecommessias.com.br\/index.php?rest_route=\/wp\/v2\/posts"}],"about":[{"href":"https:\/\/cafecommessias.com.br\/index.php?rest_route=\/wp\/v2\/types\/post"}],"author":[{"embeddable":true,"href":"https:\/\/cafecommessias.com.br\/index.php?rest_route=\/wp\/v2\/users\/1"}],"replies":[{"embeddable":true,"href":"https:\/\/cafecommessias.com.br\/index.php?rest_route=%2Fwp%2Fv2%2Fcomments&post=5976"}],"version-history":[{"count":1,"href":"https:\/\/cafecommessias.com.br\/index.php?rest_route=\/wp\/v2\/posts\/5976\/revisions"}],"predecessor-version":[{"id":5978,"href":"https:\/\/cafecommessias.com.br\/index.php?rest_route=\/wp\/v2\/posts\/5976\/revisions\/5978"}],"wp:featuredmedia":[{"embeddable":true,"href":"https:\/\/cafecommessias.com.br\/index.php?rest_route=\/wp\/v2\/media\/5977"}],"wp:attachment":[{"href":"https:\/\/cafecommessias.com.br\/index.php?rest_route=%2Fwp%2Fv2%2Fmedia&parent=5976"}],"wp:term":[{"taxonomy":"category","embeddable":true,"href":"https:\/\/cafecommessias.com.br\/index.php?rest_route=%2Fwp%2Fv2%2Fcategories&post=5976"},{"taxonomy":"post_tag","embeddable":true,"href":"https:\/\/cafecommessias.com.br\/index.php?rest_route=%2Fwp%2Fv2%2Ftags&post=5976"}],"curies":[{"name":"wp","href":"https:\/\/api.w.org\/{rel}","templated":true}]}}