{"id":6011,"date":"2025-12-09T21:26:04","date_gmt":"2025-12-10T00:26:04","guid":{"rendered":"https:\/\/cafecommessias.com.br\/?p=6011"},"modified":"2025-12-09T21:26:23","modified_gmt":"2025-12-10T00:26:23","slug":"apos-confusao-com-glauber-motta-abre-sessao-e-poe-pl-da-dosimetria-na-pauta","status":"publish","type":"post","link":"https:\/\/cafecommessias.com.br\/?p=6011","title":{"rendered":"Ap\u00f3s confus\u00e3o com Glauber, Motta abre sess\u00e3o e p\u00f5e PL da Dosimetria na pauta"},"content":{"rendered":"\n<p>O presidente da C\u00e2mara, Hugo Motta, abriu a sess\u00e3o desta ter\u00e7a-feira (9) mesmo ap\u00f3s a confus\u00e3o que resultou na retirada \u00e0 for\u00e7a do deputado Glauber Braga da Mesa Diretora. Parlamentares e jornalistas foram agredidos durante a a\u00e7\u00e3o da Pol\u00edcia Legislativa.<\/p>\n\n\n\n<p>Motta afirmou que ainda ir\u00e1 se pronunciar sobre o epis\u00f3dio, mas manteve a pauta da noite: o PL da Dosimetria, que prev\u00ea redu\u00e7\u00e3o de penas para condenados em crimes ligados \u00e0 trama golpista. A vota\u00e7\u00e3o deve ocorrer ainda nesta ter\u00e7a-feira.<\/p>\n\n\n\n<p>&nbsp;Motta criticou o Glauber e falou que seguiu o protocolo da Casa ao retirar o parlamentar da Mesa diretora.&nbsp;\u201cA C\u00e2mara n\u00e3o se curvar\u00e1 a esse tipo de conduta, nem hoje, nem nunca. A minha obriga\u00e7\u00e3o como presidente desta casa \u00e9 proteger o Parlamento. E foi isso que fiz ao seguir rigorosamente os protocolos de seguran\u00e7a e o regimento interno\u201d, disse.<\/p>\n\n\n\n<p>A confus\u00e3o come\u00e7ou depois que Braga anunciou que ocuparia a Mesa em protesto contra a decis\u00e3o de Motta de pautar sua cassa\u00e7\u00e3o para quarta-feira (10). A Pol\u00edcia Legislativa retirou o deputado do plen\u00e1rio \u00e0 for\u00e7a, gerando cr\u00edticas e tens\u00e3o entre parlamentares.<\/p>\n","protected":false},"excerpt":{"rendered":"<p>O presidente da C\u00e2mara, Hugo Motta, abriu a sess\u00e3o desta ter\u00e7a-feira (9) mesmo ap\u00f3s a confus\u00e3o que resultou na retirada \u00e0 for\u00e7a do deputado Glauber Braga da Mesa Diretora. Parlamentares e jornalistas foram agredidos durante a a\u00e7\u00e3o da Pol\u00edcia Legislativa. Motta afirmou que ainda ir\u00e1 se pronunciar sobre o epis\u00f3dio, mas manteve a pauta da&#8230;<\/p>\n","protected":false},"author":1,"featured_media":6012,"comment_status":"open","ping_status":"closed","sticky":false,"template":"","format":"standard","meta":{"footnotes":""},"categories":[6],"tags":[],"class_list":["post-6011","post","type-post","status-publish","format-standard","has-post-thumbnail","hentry","category-politica"],"_links":{"self":[{"href":"https:\/\/cafecommessias.com.br\/index.php?rest_route=\/wp\/v2\/posts\/6011","targetHints":{"allow":["GET"]}}],"collection":[{"href":"https:\/\/cafecommessias.com.br\/index.php?rest_route=\/wp\/v2\/posts"}],"about":[{"href":"https:\/\/cafecommessias.com.br\/index.php?rest_route=\/wp\/v2\/types\/post"}],"author":[{"embeddable":true,"href":"https:\/\/cafecommessias.com.br\/index.php?rest_route=\/wp\/v2\/users\/1"}],"replies":[{"embeddable":true,"href":"https:\/\/cafecommessias.com.br\/index.php?rest_route=%2Fwp%2Fv2%2Fcomments&post=6011"}],"version-history":[{"count":1,"href":"https:\/\/cafecommessias.com.br\/index.php?rest_route=\/wp\/v2\/posts\/6011\/revisions"}],"predecessor-version":[{"id":6013,"href":"https:\/\/cafecommessias.com.br\/index.php?rest_route=\/wp\/v2\/posts\/6011\/revisions\/6013"}],"wp:featuredmedia":[{"embeddable":true,"href":"https:\/\/cafecommessias.com.br\/index.php?rest_route=\/wp\/v2\/media\/6012"}],"wp:attachment":[{"href":"https:\/\/cafecommessias.com.br\/index.php?rest_route=%2Fwp%2Fv2%2Fmedia&parent=6011"}],"wp:term":[{"taxonomy":"category","embeddable":true,"href":"https:\/\/cafecommessias.com.br\/index.php?rest_route=%2Fwp%2Fv2%2Fcategories&post=6011"},{"taxonomy":"post_tag","embeddable":true,"href":"https:\/\/cafecommessias.com.br\/index.php?rest_route=%2Fwp%2Fv2%2Ftags&post=6011"}],"curies":[{"name":"wp","href":"https:\/\/api.w.org\/{rel}","templated":true}]}}