{"id":6014,"date":"2025-12-09T21:28:05","date_gmt":"2025-12-10T00:28:05","guid":{"rendered":"https:\/\/cafecommessias.com.br\/?p=6014"},"modified":"2025-12-15T15:04:43","modified_gmt":"2025-12-15T18:04:43","slug":"boulos-acusa-camara-de-atos-nem-na-ditadura-em-expulsao-de-glauber-braga","status":"publish","type":"post","link":"https:\/\/cafecommessias.com.br\/?p=6014","title":{"rendered":"Boulos acusa C\u00e2mara de atos \u201cnem na ditadura\u201d em expuls\u00e3o de Glauber Braga"},"content":{"rendered":"\n<p>Braga ocupou a cadeira de Hugo Motta (Republicanos-PB) em protesto e denunciou que o presidente da C\u00e2mara agiu de forma desigual com bolsonaristas em agosto, prometendo permanecer na Mesa \u201cat\u00e9 o limite das minhas for\u00e7as\u201d.<\/p>\n\n\n\n<p>O epis\u00f3dio ocorreu no mesmo dia em que Motta avaliaria cassa\u00e7\u00e3o do mandato de Braga, acusado de agress\u00e3o a um manifestante. Ap\u00f3s a retirada, seguran\u00e7as esvaziaram o plen\u00e1rio e a transmiss\u00e3o da TV C\u00e2mara foi suspensa.<\/p>\n\n\n\n<p>Segundo Boulos, a combina\u00e7\u00e3o de a\u00e7\u00f5es autorit\u00e1rias e medidas favor\u00e1veis a aliados de Bolsonaro revela um padr\u00e3o de parcialidade e abuso de poder na Casa, refor\u00e7ando a tens\u00e3o pol\u00edtica.<\/p>\n\n\n\n<h2 class=\"wp-block-heading has-text-align-center\">PUBLICIDADE<\/h2>\n\n\n\n<figure class=\"wp-block-image size-full\"><img loading=\"lazy\" decoding=\"async\" width=\"750\" height=\"150\" src=\"https:\/\/cafecommessias.com.br\/wp-content\/uploads\/2025\/12\/750x150px_Natal-2.png\" alt=\"\" class=\"wp-image-6469\" srcset=\"https:\/\/cafecommessias.com.br\/wp-content\/uploads\/2025\/12\/750x150px_Natal-2.png 750w, https:\/\/cafecommessias.com.br\/wp-content\/uploads\/2025\/12\/750x150px_Natal-2-300x60.png 300w\" sizes=\"auto, (max-width: 750px) 100vw, 750px\" \/><\/figure>\n\n\n<div class=\"wp-block-post-author\"><div class=\"wp-block-post-author__avatar\"><img alt='' src='https:\/\/secure.gravatar.com\/avatar\/a62bcf199877d37056dc55ccc32b6decbd05abb46ce616ef4c38b16491e4d91d?s=48&#038;r=g' srcset='https:\/\/secure.gravatar.com\/avatar\/a62bcf199877d37056dc55ccc32b6decbd05abb46ce616ef4c38b16491e4d91d?s=96&#038;r=g 2x' class='avatar avatar-48 photo' height='48' width='48' \/><\/div><div class=\"wp-block-post-author__content\"><p class=\"wp-block-post-author__name\">Blogcafecommessias<\/p><\/div><\/div>\n\n\n<p><\/p>\n","protected":false},"excerpt":{"rendered":"<p>Braga ocupou a cadeira de Hugo Motta (Republicanos-PB) em protesto e denunciou que o presidente da C\u00e2mara agiu de forma desigual com bolsonaristas em agosto, prometendo permanecer na Mesa \u201cat\u00e9 o limite das minhas for\u00e7as\u201d. O epis\u00f3dio ocorreu no mesmo dia em que Motta avaliaria cassa\u00e7\u00e3o do mandato de Braga, acusado de agress\u00e3o a um&#8230;<\/p>\n","protected":false},"author":1,"featured_media":6015,"comment_status":"open","ping_status":"closed","sticky":false,"template":"","format":"standard","meta":{"footnotes":""},"categories":[3],"tags":[],"class_list":["post-6014","post","type-post","status-publish","format-standard","has-post-thumbnail","hentry","category-geral"],"_links":{"self":[{"href":"https:\/\/cafecommessias.com.br\/index.php?rest_route=\/wp\/v2\/posts\/6014","targetHints":{"allow":["GET"]}}],"collection":[{"href":"https:\/\/cafecommessias.com.br\/index.php?rest_route=\/wp\/v2\/posts"}],"about":[{"href":"https:\/\/cafecommessias.com.br\/index.php?rest_route=\/wp\/v2\/types\/post"}],"author":[{"embeddable":true,"href":"https:\/\/cafecommessias.com.br\/index.php?rest_route=\/wp\/v2\/users\/1"}],"replies":[{"embeddable":true,"href":"https:\/\/cafecommessias.com.br\/index.php?rest_route=%2Fwp%2Fv2%2Fcomments&post=6014"}],"version-history":[{"count":3,"href":"https:\/\/cafecommessias.com.br\/index.php?rest_route=\/wp\/v2\/posts\/6014\/revisions"}],"predecessor-version":[{"id":6485,"href":"https:\/\/cafecommessias.com.br\/index.php?rest_route=\/wp\/v2\/posts\/6014\/revisions\/6485"}],"wp:featuredmedia":[{"embeddable":true,"href":"https:\/\/cafecommessias.com.br\/index.php?rest_route=\/wp\/v2\/media\/6015"}],"wp:attachment":[{"href":"https:\/\/cafecommessias.com.br\/index.php?rest_route=%2Fwp%2Fv2%2Fmedia&parent=6014"}],"wp:term":[{"taxonomy":"category","embeddable":true,"href":"https:\/\/cafecommessias.com.br\/index.php?rest_route=%2Fwp%2Fv2%2Fcategories&post=6014"},{"taxonomy":"post_tag","embeddable":true,"href":"https:\/\/cafecommessias.com.br\/index.php?rest_route=%2Fwp%2Fv2%2Ftags&post=6014"}],"curies":[{"name":"wp","href":"https:\/\/api.w.org\/{rel}","templated":true}]}}