{"id":6025,"date":"2025-12-09T21:52:02","date_gmt":"2025-12-10T00:52:02","guid":{"rendered":"https:\/\/cafecommessias.com.br\/?p=6025"},"modified":"2025-12-09T21:52:22","modified_gmt":"2025-12-10T00:52:22","slug":"jornalistas-elegem-ubaldo-fernandes-como-parlamentar-do-ano-na-alrn","status":"publish","type":"post","link":"https:\/\/cafecommessias.com.br\/?p=6025","title":{"rendered":"Jornalistas elegem Ubaldo Fernandes como Parlamentar do Ano na ALRN"},"content":{"rendered":"\n<p>Os jornalistas que integram o Comit\u00ea de Imprensa da Assembleia Legislativa do Rio Grande do Norte elegeram, nesta ter\u00e7a-feira (9), o deputado Ubaldo Fernandes (PSDB) como Parlamentar do Ano, em vota\u00e7\u00e3o realizada no Audit\u00f3rio Cortez Pereira.\u00a0<\/p>\n\n\n\n<p>A escolha \u00e9 promovida anualmente pelo Comit\u00ea, presidido pelo jornalista Oliveira Wanderley, e reconhece o trabalho desenvolvido pelos parlamentares ao longo do ano legislativo.<\/p>\n\n\n\n<p>Dos 47 profissionais de imprensa aptos a votar, 42 compareceram. O resultado confirmou a ampla prefer\u00eancia pelo deputado Ubaldo Fernandes, que recebeu 32 votos. Em seguida, apareceram os deputados Tomba Farias (PL), com 4 votos; Divaneide Bas\u00edlio (PT), com 3; Cristiane Dantas (SDD), com 2; e Galeno Torquato (PSDB), com um voto.<\/p>\n\n\n\n<p>Ao anunciar o resultado, o presidente do Comit\u00ea de Imprensa destacou a import\u00e2ncia da escolha para o fortalecimento da atividade parlamentar e para a rela\u00e7\u00e3o entre a Casa Legislativa e os profissionais de comunica\u00e7\u00e3o.<\/p>\n\n\n\n<p>\u201cOs jornalistas votaram e elegeram o deputado Ubaldo Fernandes como Parlamentar do Ano. Uma honraria que representa o reconhecimento pelo trabalho desenvolvido durante o ano\u201d, afirmou Oliveira Wanderley.<\/p>\n\n\n\n<p>Emocionado, Ubaldo Fernandes agradeceu a confian\u00e7a e ressaltou o compromisso de seguir atuando em defesa da popula\u00e7\u00e3o potiguar.<\/p>\n\n\n\n<p>\u201cA caminhada agora \u00e9 muito maior, porque esse t\u00edtulo \u00e9 muito honroso para o parlamentar. Agrade\u00e7o ao povo do Rio Grande do Norte, \u00e0 imprensa, aos jornalistas credenciados e ao comit\u00ea por terem me escolhido Parlamentar do Ano. Continuarei trabalhando com dedica\u00e7\u00e3o e responsabilidade\u201d, declarou.<\/p>\n\n\n\n<p><em><sub>Fonte: ALRN<\/sub><\/em><\/p>\n\n\n\n<p><\/p>\n","protected":false},"excerpt":{"rendered":"<p>Os jornalistas que integram o Comit\u00ea de Imprensa da Assembleia Legislativa do Rio Grande do Norte elegeram, nesta ter\u00e7a-feira (9), o deputado Ubaldo Fernandes (PSDB) como Parlamentar do Ano, em vota\u00e7\u00e3o realizada no Audit\u00f3rio Cortez Pereira.\u00a0 A escolha \u00e9 promovida anualmente pelo Comit\u00ea, presidido pelo jornalista Oliveira Wanderley, e reconhece o trabalho desenvolvido pelos parlamentares&#8230;<\/p>\n","protected":false},"author":1,"featured_media":6026,"comment_status":"open","ping_status":"closed","sticky":false,"template":"","format":"standard","meta":{"footnotes":""},"categories":[3],"tags":[],"class_list":["post-6025","post","type-post","status-publish","format-standard","has-post-thumbnail","hentry","category-geral"],"_links":{"self":[{"href":"https:\/\/cafecommessias.com.br\/index.php?rest_route=\/wp\/v2\/posts\/6025","targetHints":{"allow":["GET"]}}],"collection":[{"href":"https:\/\/cafecommessias.com.br\/index.php?rest_route=\/wp\/v2\/posts"}],"about":[{"href":"https:\/\/cafecommessias.com.br\/index.php?rest_route=\/wp\/v2\/types\/post"}],"author":[{"embeddable":true,"href":"https:\/\/cafecommessias.com.br\/index.php?rest_route=\/wp\/v2\/users\/1"}],"replies":[{"embeddable":true,"href":"https:\/\/cafecommessias.com.br\/index.php?rest_route=%2Fwp%2Fv2%2Fcomments&post=6025"}],"version-history":[{"count":1,"href":"https:\/\/cafecommessias.com.br\/index.php?rest_route=\/wp\/v2\/posts\/6025\/revisions"}],"predecessor-version":[{"id":6027,"href":"https:\/\/cafecommessias.com.br\/index.php?rest_route=\/wp\/v2\/posts\/6025\/revisions\/6027"}],"wp:featuredmedia":[{"embeddable":true,"href":"https:\/\/cafecommessias.com.br\/index.php?rest_route=\/wp\/v2\/media\/6026"}],"wp:attachment":[{"href":"https:\/\/cafecommessias.com.br\/index.php?rest_route=%2Fwp%2Fv2%2Fmedia&parent=6025"}],"wp:term":[{"taxonomy":"category","embeddable":true,"href":"https:\/\/cafecommessias.com.br\/index.php?rest_route=%2Fwp%2Fv2%2Fcategories&post=6025"},{"taxonomy":"post_tag","embeddable":true,"href":"https:\/\/cafecommessias.com.br\/index.php?rest_route=%2Fwp%2Fv2%2Ftags&post=6025"}],"curies":[{"name":"wp","href":"https:\/\/api.w.org\/{rel}","templated":true}]}}