{"id":6029,"date":"2025-12-10T07:27:11","date_gmt":"2025-12-10T10:27:11","guid":{"rendered":"https:\/\/cafecommessias.com.br\/?p=6029"},"modified":"2025-12-10T07:27:27","modified_gmt":"2025-12-10T10:27:27","slug":"governo-decide-apoiar-jornada-5x2-e-quer-reduzir-carga-semanal-para-40-horas-ate-2028","status":"publish","type":"post","link":"https:\/\/cafecommessias.com.br\/?p=6029","title":{"rendered":"Governo decide apoiar jornada 5\u00d72 e quer reduzir carga semanal para 40 horas at\u00e9 2028"},"content":{"rendered":"\n<p>O governo Lula firmou posi\u00e7\u00e3o a favor do projeto relatado pelo deputado Leo Prates (PDT-BA), que estabelece o fim da escala 6\u00d71 e cria uma jornada 5\u00d72 com limite m\u00e1ximo de 40 horas semanais. Hoje, a legisla\u00e7\u00e3o permite at\u00e9 44 horas. A proposta ganhou for\u00e7a ap\u00f3s mobiliza\u00e7\u00e3o popular nas redes, impulsionada por trabalhadores e influenciadores que defendem mudan\u00e7as na rotina laboral.<\/p>\n\n\n\n<p>O tema se tornou uma das prioridades do Pal\u00e1cio do Planalto. Ministros como Guilherme Boulos e Gleisi Hoffmann t\u00eam atuado diretamente na articula\u00e7\u00e3o para aprovar o texto, enquanto o governo tenta acelerar sua tramita\u00e7\u00e3o. A decis\u00e3o veio ap\u00f3s surpresa negativa com relat\u00f3rio do deputado Luiz Gast\u00e3o (PSD-CE), que era contr\u00e1rio ao fim da escala 6\u00d71, o que levou o Planalto a reagir publicamente.<\/p>\n\n\n\n<p>O substitutivo de Prates prev\u00ea uma transi\u00e7\u00e3o gradual: a carga m\u00e1xima cairia para 42 horas em 2027 e chegaria a 40 horas em 2028, mantendo sal\u00e1rio integral. O texto determina dois dias de descanso semanal remunerado e limita a jornada di\u00e1ria a oito horas. Tamb\u00e9m abre a possibilidade de escala 4\u00d73 por acordo coletivo, com dez horas di\u00e1rias. No com\u00e9rcio, onde o 6\u00d71 \u00e9 mais comum, poder\u00e1 haver at\u00e9 duas horas extras, tamb\u00e9m mediante negocia\u00e7\u00e3o.<\/p>\n\n\n\n<p>A defesa da mudan\u00e7a ocorre enquanto setores empresariais resistem. A Confedera\u00e7\u00e3o Nacional do Com\u00e9rcio afirma que limites r\u00edgidos prejudicam negocia\u00e7\u00f5es coletivas e desconsideram realidades regionais. J\u00e1 o Movimento Vida Al\u00e9m do Trabalho, que levou o debate \u00e0s redes em 2023, argumenta que o 6\u00d71 \u00e9 \u201cabusivo\u201d e prejudica sa\u00fade, bem-estar e conviv\u00eancia familiar \u2014 a campanha acumulou mais de 1 milh\u00e3o de assinaturas.<\/p>\n\n\n\n<p>O Planalto avalia que o projeto de Prates \u00e9 o mais vi\u00e1vel para avan\u00e7ar e tenta evitar que a discuss\u00e3o seja transferida para uma PEC, o que tornaria o processo mais lento. O deputado, que preside a Comiss\u00e3o de Trabalho, avalia que a vota\u00e7\u00e3o pode ficar para 2026, a depender do ritmo de sess\u00f5es at\u00e9 o in\u00edcio do recesso em 23 de dezembro.<\/p>\n\n\n\n<p>Com o parecer protocolado nesta semana, parlamentares t\u00eam cinco sess\u00f5es para apresentar emendas. Enquanto isso, o governo trabalha para consolidar apoio pol\u00edtico e transformar a redu\u00e7\u00e3o da jornada em uma das principais bandeiras trabalhistas da gest\u00e3o Lula.<\/p>\n\n\n\n<p><em><sub>Por G1<\/sub><\/em><\/p>\n\n\n\n<p><\/p>\n","protected":false},"excerpt":{"rendered":"<p>O governo Lula firmou posi\u00e7\u00e3o a favor do projeto relatado pelo deputado Leo Prates (PDT-BA), que estabelece o fim da escala 6\u00d71 e cria uma jornada 5\u00d72 com limite m\u00e1ximo de 40 horas semanais. Hoje, a legisla\u00e7\u00e3o permite at\u00e9 44 horas. A proposta ganhou for\u00e7a ap\u00f3s mobiliza\u00e7\u00e3o popular nas redes, impulsionada por trabalhadores e influenciadores&#8230;<\/p>\n","protected":false},"author":1,"featured_media":6030,"comment_status":"open","ping_status":"closed","sticky":false,"template":"","format":"standard","meta":{"footnotes":""},"categories":[37],"tags":[],"class_list":["post-6029","post","type-post","status-publish","format-standard","has-post-thumbnail","hentry","category-brasil"],"_links":{"self":[{"href":"https:\/\/cafecommessias.com.br\/index.php?rest_route=\/wp\/v2\/posts\/6029","targetHints":{"allow":["GET"]}}],"collection":[{"href":"https:\/\/cafecommessias.com.br\/index.php?rest_route=\/wp\/v2\/posts"}],"about":[{"href":"https:\/\/cafecommessias.com.br\/index.php?rest_route=\/wp\/v2\/types\/post"}],"author":[{"embeddable":true,"href":"https:\/\/cafecommessias.com.br\/index.php?rest_route=\/wp\/v2\/users\/1"}],"replies":[{"embeddable":true,"href":"https:\/\/cafecommessias.com.br\/index.php?rest_route=%2Fwp%2Fv2%2Fcomments&post=6029"}],"version-history":[{"count":1,"href":"https:\/\/cafecommessias.com.br\/index.php?rest_route=\/wp\/v2\/posts\/6029\/revisions"}],"predecessor-version":[{"id":6031,"href":"https:\/\/cafecommessias.com.br\/index.php?rest_route=\/wp\/v2\/posts\/6029\/revisions\/6031"}],"wp:featuredmedia":[{"embeddable":true,"href":"https:\/\/cafecommessias.com.br\/index.php?rest_route=\/wp\/v2\/media\/6030"}],"wp:attachment":[{"href":"https:\/\/cafecommessias.com.br\/index.php?rest_route=%2Fwp%2Fv2%2Fmedia&parent=6029"}],"wp:term":[{"taxonomy":"category","embeddable":true,"href":"https:\/\/cafecommessias.com.br\/index.php?rest_route=%2Fwp%2Fv2%2Fcategories&post=6029"},{"taxonomy":"post_tag","embeddable":true,"href":"https:\/\/cafecommessias.com.br\/index.php?rest_route=%2Fwp%2Fv2%2Ftags&post=6029"}],"curies":[{"name":"wp","href":"https:\/\/api.w.org\/{rel}","templated":true}]}}