{"id":6035,"date":"2025-12-10T07:31:46","date_gmt":"2025-12-10T10:31:46","guid":{"rendered":"https:\/\/cafecommessias.com.br\/?p=6035"},"modified":"2025-12-10T07:32:01","modified_gmt":"2025-12-10T10:32:01","slug":"tribunal-de-contas-abre-consulta-publica-para-definir-prioridades-de-fiscalizacao-em-2026","status":"publish","type":"post","link":"https:\/\/cafecommessias.com.br\/?p=6035","title":{"rendered":"Tribunal de Contas abre consulta p\u00fablica para definir prioridades de fiscaliza\u00e7\u00e3o em 2026"},"content":{"rendered":"\n<p>O Tribunal de Contas do Estado (TCE\/RN) vai disponibilizar \u00e0 sociedade potiguar, a partir do dia 12 de dezembro, uma consulta p\u00fablica para auxiliar na defini\u00e7\u00e3o das a\u00e7\u00f5es de controle externo que integrar\u00e3o o Plano de A\u00e7\u00f5es de Controle Externo (PACEX). A consulta ficar\u00e1 aberta at\u00e9 o dia 16 de janeiro.<\/p>\n\n\n\n<p>Por meio de um formul\u00e1rio eletr\u00f4nico, qualquer cidad\u00e3o poder\u00e1 indicar at\u00e9 cinco problemas p\u00fablicos considerados priorit\u00e1rios para a atua\u00e7\u00e3o do TCE.<\/p>\n\n\n\n<p>Entre os temas est\u00e3o compras e demais despesas p\u00fablicas, funcionamento e qualidade dos \u00f3rg\u00e3os p\u00fablicos, economia, emprego e renda, servi\u00e7os de sa\u00fade, saneamento, coleta e tratamento de lixo, educa\u00e7\u00e3o, seguran\u00e7a, habita\u00e7\u00e3o e moradia, obras e estradas, transporte p\u00fablico, tecnologia, transpar\u00eancia, meio ambiente, cultura, consumo, servidores, entre outros, com base nos Objetivos de Desenvolvimento Sustent\u00e1vel (ODS) da Agenda 2030 da Organiza\u00e7\u00e3o das Na\u00e7\u00f5es Unidas (ONU).<\/p>\n\n\n\n<p>O objetivo do Tribunal \u00e9 identificar, sob a \u00f3tica do cidad\u00e3o, quais fiscaliza\u00e7\u00f5es podem gerar maior benef\u00edcio e impacto real \u00e0 sociedade. Ap\u00f3s o encerramento da consulta p\u00fablica, as contribui\u00e7\u00f5es ser\u00e3o analisadas segundo crit\u00e9rios de materialidade, relev\u00e2ncia, risco e oportunidade. A avalia\u00e7\u00e3o contar\u00e1 com a participa\u00e7\u00e3o de auditores das unidades t\u00e9cnicas envolvidas, que ir\u00e3o selecionar as sugest\u00f5es que poder\u00e3o integrar a proposta final do PACEX.<\/p>\n\n\n\n<p>Esta \u00e9 a 3\u00aa edi\u00e7\u00e3o da Consulta P\u00fablica promovida pelo TCE e representa uma das iniciativas do \u00f3rg\u00e3o voltadas \u00e0 ado\u00e7\u00e3o das melhores pr\u00e1ticas internacionais de auditoria. Como \u00f3rg\u00e3o de controle, o Tribunal atua em articula\u00e7\u00e3o com outras institui\u00e7\u00f5es para contribuir com o alcance das metas globais de desenvolvimento sustent\u00e1vel.<\/p>\n\n\n\n<p>A iniciativa tamb\u00e9m permite que cidad\u00e3os, conselhos e institui\u00e7\u00f5es da sociedade civil direcionem o olhar do controle externo para os problemas que afetam diretamente o dia a dia das cidades do Rio Grande do Norte.<\/p>\n\n\n\n<p><em><sub>Fonte: TCE RN<\/sub><\/em><\/p>\n\n\n\n<p><\/p>\n","protected":false},"excerpt":{"rendered":"<p>O Tribunal de Contas do Estado (TCE\/RN) vai disponibilizar \u00e0 sociedade potiguar, a partir do dia 12 de dezembro, uma consulta p\u00fablica para auxiliar na defini\u00e7\u00e3o das a\u00e7\u00f5es de controle externo que integrar\u00e3o o Plano de A\u00e7\u00f5es de Controle Externo (PACEX). A consulta ficar\u00e1 aberta at\u00e9 o dia 16 de janeiro. Por meio de um&#8230;<\/p>\n","protected":false},"author":1,"featured_media":6036,"comment_status":"open","ping_status":"closed","sticky":false,"template":"","format":"standard","meta":{"footnotes":""},"categories":[3],"tags":[],"class_list":["post-6035","post","type-post","status-publish","format-standard","has-post-thumbnail","hentry","category-geral"],"_links":{"self":[{"href":"https:\/\/cafecommessias.com.br\/index.php?rest_route=\/wp\/v2\/posts\/6035","targetHints":{"allow":["GET"]}}],"collection":[{"href":"https:\/\/cafecommessias.com.br\/index.php?rest_route=\/wp\/v2\/posts"}],"about":[{"href":"https:\/\/cafecommessias.com.br\/index.php?rest_route=\/wp\/v2\/types\/post"}],"author":[{"embeddable":true,"href":"https:\/\/cafecommessias.com.br\/index.php?rest_route=\/wp\/v2\/users\/1"}],"replies":[{"embeddable":true,"href":"https:\/\/cafecommessias.com.br\/index.php?rest_route=%2Fwp%2Fv2%2Fcomments&post=6035"}],"version-history":[{"count":1,"href":"https:\/\/cafecommessias.com.br\/index.php?rest_route=\/wp\/v2\/posts\/6035\/revisions"}],"predecessor-version":[{"id":6037,"href":"https:\/\/cafecommessias.com.br\/index.php?rest_route=\/wp\/v2\/posts\/6035\/revisions\/6037"}],"wp:featuredmedia":[{"embeddable":true,"href":"https:\/\/cafecommessias.com.br\/index.php?rest_route=\/wp\/v2\/media\/6036"}],"wp:attachment":[{"href":"https:\/\/cafecommessias.com.br\/index.php?rest_route=%2Fwp%2Fv2%2Fmedia&parent=6035"}],"wp:term":[{"taxonomy":"category","embeddable":true,"href":"https:\/\/cafecommessias.com.br\/index.php?rest_route=%2Fwp%2Fv2%2Fcategories&post=6035"},{"taxonomy":"post_tag","embeddable":true,"href":"https:\/\/cafecommessias.com.br\/index.php?rest_route=%2Fwp%2Fv2%2Ftags&post=6035"}],"curies":[{"name":"wp","href":"https:\/\/api.w.org\/{rel}","templated":true}]}}