{"id":6041,"date":"2025-12-10T07:35:50","date_gmt":"2025-12-10T10:35:50","guid":{"rendered":"https:\/\/cafecommessias.com.br\/?p=6041"},"modified":"2025-12-10T07:36:07","modified_gmt":"2025-12-10T10:36:07","slug":"rogerio-marinho-bate-o-martelo-e-confirma-disputa-pelo-governo-do-rn-nao-ha-recuo","status":"publish","type":"post","link":"https:\/\/cafecommessias.com.br\/?p=6041","title":{"rendered":"Rog\u00e9rio Marinho bate o martelo e confirma disputa pelo Governo do RN: \u201cN\u00e3o h\u00e1 recuo\u201d"},"content":{"rendered":"\n<p>Em entrevista \u00e0 imprensa nacional ap\u00f3s visitar Jair Bolsonaro (PL), o senador Fl\u00e1vio Bolsonaro (PL) refor\u00e7ou o peso pol\u00edtico de Rog\u00e9rio Marinho dentro do projeto presidencial de 2026. Citado nominalmente, o potiguar foi apontado como um dos nomes que estar\u00e3o \u201ccada vez mais\u201d ao lado de Fl\u00e1vio na condu\u00e7\u00e3o da campanha. O recado veio ap\u00f3s reuni\u00e3o nacional do PL, realizada na segunda-feira (8), com presen\u00e7a de Marinho, Ciro Nogueira, Ant\u00f4nio Rueda e Valdemar da Costa Neto.<\/p>\n\n\n\n<p>Rog\u00e9rio Marinho acumula hoje alguns dos cargos mais estrat\u00e9gicos da direita no pa\u00eds \u2014 l\u00edder da oposi\u00e7\u00e3o no Senado, secret\u00e1rio-geral nacional do PL, presidente estadual da legenda e pr\u00e9-candidato ao Governo do RN. O aceno de Fl\u00e1vio Bolsonaro abriu espa\u00e7o para especula\u00e7\u00f5es sobre um poss\u00edvel papel de comando na campanha presidencial, como a coordena\u00e7\u00e3o nacional.<\/p>\n\n\n\n<p>A d\u00favida que passou a circular nos bastidores era direta: caso assuma fun\u00e7\u00e3o central na campanha de Fl\u00e1vio, Marinho continuaria simultaneamente como pr\u00e9-candidato ao Governo do RN ou seria pressionado a recuar para dedicar-se integralmente ao projeto nacional?<\/p>\n\n\n\n<p>Ao&nbsp;<em>Di\u00e1rio do RN<\/em>, Rog\u00e9rio Marinho foi taxativo e descartou qualquer possibilidade de desist\u00eancia. \u201cEstaremos pr\u00f3ximos do projeto nacional do PL, que \u00e9 eleger Fl\u00e1vio Bolsonaro presidente, mas n\u00e3o vamos abrir m\u00e3o da nossa pr\u00e9-candidatura ao Governo. Nosso projeto est\u00e1 mantido no Rio Grande do Norte para 2026: sou pr\u00e9-candidato a governador do RN\u201d, afirmou.<\/p>\n\n\n\n<p>No mesmo tabuleiro pol\u00edtico, aparece o ex-prefeito de Natal \u00c1lvaro Dias (Republicanos), tamb\u00e9m pr\u00e9-candidato ao governo. Nos bastidores, aliados admitem que \u00c1lvaro aguardava a chance de um eventual recuo de Marinho para assumir o protagonismo da disputa. Chegou-se a discutir internamente, no Republicanos, a possibilidade de migra\u00e7\u00e3o para o PL caso a vaga estivesse aberta.<\/p>\n\n\n\n<p>Com a declara\u00e7\u00e3o p\u00fablica de Marinho, o cen\u00e1rio volta ao desenho mais prov\u00e1vel: Rog\u00e9rio mant\u00e9m-se como o nome da direita ao Governo do RN em 2026, enquanto \u00c1lvaro Dias tende a ser acomodado na disputa ao Senado, compondo uma chapa que incluiria o senador Styvenson Valentim (PSDB), igualmente pr\u00e9-candidato \u00e0 Casa Alta.<\/p>\n\n\n\n<p><em><sub>Por Di\u00e1rio do RN<\/sub><\/em><\/p>\n\n\n\n<p><\/p>\n","protected":false},"excerpt":{"rendered":"<p>Em entrevista \u00e0 imprensa nacional ap\u00f3s visitar Jair Bolsonaro (PL), o senador Fl\u00e1vio Bolsonaro (PL) refor\u00e7ou o peso pol\u00edtico de Rog\u00e9rio Marinho dentro do projeto presidencial de 2026. Citado nominalmente, o potiguar foi apontado como um dos nomes que estar\u00e3o \u201ccada vez mais\u201d ao lado de Fl\u00e1vio na condu\u00e7\u00e3o da campanha. O recado veio ap\u00f3s&#8230;<\/p>\n","protected":false},"author":1,"featured_media":6042,"comment_status":"open","ping_status":"closed","sticky":false,"template":"","format":"standard","meta":{"footnotes":""},"categories":[6],"tags":[],"class_list":["post-6041","post","type-post","status-publish","format-standard","has-post-thumbnail","hentry","category-politica"],"_links":{"self":[{"href":"https:\/\/cafecommessias.com.br\/index.php?rest_route=\/wp\/v2\/posts\/6041","targetHints":{"allow":["GET"]}}],"collection":[{"href":"https:\/\/cafecommessias.com.br\/index.php?rest_route=\/wp\/v2\/posts"}],"about":[{"href":"https:\/\/cafecommessias.com.br\/index.php?rest_route=\/wp\/v2\/types\/post"}],"author":[{"embeddable":true,"href":"https:\/\/cafecommessias.com.br\/index.php?rest_route=\/wp\/v2\/users\/1"}],"replies":[{"embeddable":true,"href":"https:\/\/cafecommessias.com.br\/index.php?rest_route=%2Fwp%2Fv2%2Fcomments&post=6041"}],"version-history":[{"count":1,"href":"https:\/\/cafecommessias.com.br\/index.php?rest_route=\/wp\/v2\/posts\/6041\/revisions"}],"predecessor-version":[{"id":6043,"href":"https:\/\/cafecommessias.com.br\/index.php?rest_route=\/wp\/v2\/posts\/6041\/revisions\/6043"}],"wp:featuredmedia":[{"embeddable":true,"href":"https:\/\/cafecommessias.com.br\/index.php?rest_route=\/wp\/v2\/media\/6042"}],"wp:attachment":[{"href":"https:\/\/cafecommessias.com.br\/index.php?rest_route=%2Fwp%2Fv2%2Fmedia&parent=6041"}],"wp:term":[{"taxonomy":"category","embeddable":true,"href":"https:\/\/cafecommessias.com.br\/index.php?rest_route=%2Fwp%2Fv2%2Fcategories&post=6041"},{"taxonomy":"post_tag","embeddable":true,"href":"https:\/\/cafecommessias.com.br\/index.php?rest_route=%2Fwp%2Fv2%2Ftags&post=6041"}],"curies":[{"name":"wp","href":"https:\/\/api.w.org\/{rel}","templated":true}]}}