{"id":6052,"date":"2025-12-10T22:08:24","date_gmt":"2025-12-11T01:08:24","guid":{"rendered":"https:\/\/cafecommessias.com.br\/?p=6052"},"modified":"2025-12-10T22:08:36","modified_gmt":"2025-12-11T01:08:36","slug":"ex-presidente-arce-aliado-de-evo-morales-e-preso-por-corrupcao-na-bolivia","status":"publish","type":"post","link":"https:\/\/cafecommessias.com.br\/?p=6052","title":{"rendered":"Ex-presidente Arce, aliado de Evo Morales, \u00e9 preso por corrup\u00e7\u00e3o na Bol\u00edvia"},"content":{"rendered":"\n<p>O ex-presidente da Bol\u00edvia, Luis Arce, aliado hist\u00f3rico de Evo Morales, foi preso nesta quarta-feira (10) acusado de peculato. A informa\u00e7\u00e3o foi confirmada pelo vice-presidente boliviano, Edman Lara, que parabenizou as for\u00e7as policiais pela a\u00e7\u00e3o.<\/p>\n\n\n\n<p>Arce deixou o cargo em 8 de novembro, ap\u00f3s mais de 20 anos de governos de esquerda no pa\u00eds, e entregou a Presid\u00eancia ao direitista Rodrigo Paz. A pris\u00e3o ocorre em meio \u00e0 pior crise econ\u00f4mica da Bol\u00edvia em quatro d\u00e9cadas.<\/p>\n\n\n\n<p>O vice-presidente n\u00e3o detalhou o caso, mas a medida sinaliza um endurecimento do novo governo contra supostos crimes cometidos pela administra\u00e7\u00e3o anterior. A a\u00e7\u00e3o marca o in\u00edcio de um cap\u00edtulo de ajustes de contas e tentativa de limpar a gest\u00e3o deixada pela esquerda.<\/p>\n\n\n\n<p>O epis\u00f3dio aumenta a press\u00e3o sobre ex-mandat\u00e1rios da esquerda latino-americana e refor\u00e7a o protagonismo do novo governo de Rodrigo Paz, que assume com a promessa de combate \u00e0 corrup\u00e7\u00e3o e recupera\u00e7\u00e3o econ\u00f4mica.<\/p>\n","protected":false},"excerpt":{"rendered":"<p>O ex-presidente da Bol\u00edvia, Luis Arce, aliado hist\u00f3rico de Evo Morales, foi preso nesta quarta-feira (10) acusado de peculato. A informa\u00e7\u00e3o foi confirmada pelo vice-presidente boliviano, Edman Lara, que parabenizou as for\u00e7as policiais pela a\u00e7\u00e3o. Arce deixou o cargo em 8 de novembro, ap\u00f3s mais de 20 anos de governos de esquerda no pa\u00eds, e&#8230;<\/p>\n","protected":false},"author":1,"featured_media":6053,"comment_status":"open","ping_status":"closed","sticky":false,"template":"","format":"standard","meta":{"footnotes":""},"categories":[2],"tags":[],"class_list":["post-6052","post","type-post","status-publish","format-standard","has-post-thumbnail","hentry","category-internacional"],"_links":{"self":[{"href":"https:\/\/cafecommessias.com.br\/index.php?rest_route=\/wp\/v2\/posts\/6052","targetHints":{"allow":["GET"]}}],"collection":[{"href":"https:\/\/cafecommessias.com.br\/index.php?rest_route=\/wp\/v2\/posts"}],"about":[{"href":"https:\/\/cafecommessias.com.br\/index.php?rest_route=\/wp\/v2\/types\/post"}],"author":[{"embeddable":true,"href":"https:\/\/cafecommessias.com.br\/index.php?rest_route=\/wp\/v2\/users\/1"}],"replies":[{"embeddable":true,"href":"https:\/\/cafecommessias.com.br\/index.php?rest_route=%2Fwp%2Fv2%2Fcomments&post=6052"}],"version-history":[{"count":1,"href":"https:\/\/cafecommessias.com.br\/index.php?rest_route=\/wp\/v2\/posts\/6052\/revisions"}],"predecessor-version":[{"id":6054,"href":"https:\/\/cafecommessias.com.br\/index.php?rest_route=\/wp\/v2\/posts\/6052\/revisions\/6054"}],"wp:featuredmedia":[{"embeddable":true,"href":"https:\/\/cafecommessias.com.br\/index.php?rest_route=\/wp\/v2\/media\/6053"}],"wp:attachment":[{"href":"https:\/\/cafecommessias.com.br\/index.php?rest_route=%2Fwp%2Fv2%2Fmedia&parent=6052"}],"wp:term":[{"taxonomy":"category","embeddable":true,"href":"https:\/\/cafecommessias.com.br\/index.php?rest_route=%2Fwp%2Fv2%2Fcategories&post=6052"},{"taxonomy":"post_tag","embeddable":true,"href":"https:\/\/cafecommessias.com.br\/index.php?rest_route=%2Fwp%2Fv2%2Ftags&post=6052"}],"curies":[{"name":"wp","href":"https:\/\/api.w.org\/{rel}","templated":true}]}}