{"id":6078,"date":"2025-12-10T22:25:43","date_gmt":"2025-12-11T01:25:43","guid":{"rendered":"https:\/\/cafecommessias.com.br\/?p=6078"},"modified":"2025-12-15T00:09:31","modified_gmt":"2025-12-15T03:09:31","slug":"macau-vereador-jefinho-rompe-com-o-governo-flavia-veras-e-retorna-ao-grupo-de-oposicao","status":"publish","type":"post","link":"https:\/\/cafecommessias.com.br\/?p=6078","title":{"rendered":"Macau: Vereador Jefinho rompe com o governo Fl\u00e1via Veras e retorna ao grupo de oposi\u00e7\u00e3o"},"content":{"rendered":"\n<p>A pol\u00edtica de Macau ganhou um novo cap\u00edtulo nesta quarta-feira, 10 de dezembro, com o an\u00fancio do rompimento do vereador Jefinho (PSDB) com o governo da prefeita Fl\u00e1via Veras.<\/p>\n\n\n\n<p>Eleito em 2024 pelo grupo pol\u00edtico do ex-prefeito Z\u00e9 Ant\u00f4nio Menezes, Jefinho havia aderido \u00e0 base governista logo no in\u00edcio do ano. Agora, menos de um ano depois, decide voltar ao bloco oposicionista na C\u00e2mara Municipal.<\/p>\n\n\n\n<p>Segundo pessoas pr\u00f3ximas ao parlamentar, o desgaste pol\u00edtico e a crescente insatisfa\u00e7\u00e3o popular com a atual gest\u00e3o foram fatores determinantes para sua decis\u00e3o. O vereador, que est\u00e1 em seu primeiro mandato, vinha demonstrando inc\u00f4modo com alguns rumos da administra\u00e7\u00e3o, o que culminou no afastamento oficial.<\/p>\n\n\n\n<p>Em nota distribu\u00edda \u00e0 imprensa local, a prefeita Fl\u00e1via Veras afirmou ter \u201cacolhido a decis\u00e3o do vereador em n\u00e3o mais fazer parte da base do governo\u201d, destacando que Jefinho est\u00e1, a partir de agora, definitivamente fora do bloco governista no Legislativo municipal.<\/p>\n\n\n\n<p>Com o retorno do vereador \u00e0 oposi\u00e7\u00e3o, o grupo passa a contar novamente com tr\u00eas parlamentares: Givagno Patrese, Robson Macau e o pr\u00f3prio Jefinho. Nos bastidores pol\u00edticos, a movimenta\u00e7\u00e3o tem sido vista como um sinal de fragilidade interna no governo, e j\u00e1 circulam rumores de que outros vereadores podem seguir o mesmo caminho.<\/p>\n\n\n\n<p class=\"has-text-align-center\"><strong><em>PUBLICIDADE<\/em><\/strong><\/p>\n\n\n\n<figure class=\"wp-block-image size-large\"><a href=\"https:\/\/www.natal.rn.gov.br\/\"><img loading=\"lazy\" decoding=\"async\" width=\"1024\" height=\"215\" src=\"https:\/\/cafecommessias.com.br\/wp-content\/uploads\/2025\/12\/Banner-natalemnatal-1190x250px-1024x215.gif\" alt=\"\" class=\"wp-image-6336\" srcset=\"https:\/\/cafecommessias.com.br\/wp-content\/uploads\/2025\/12\/Banner-natalemnatal-1190x250px-1024x215.gif 1024w, https:\/\/cafecommessias.com.br\/wp-content\/uploads\/2025\/12\/Banner-natalemnatal-1190x250px-300x63.gif 300w, https:\/\/cafecommessias.com.br\/wp-content\/uploads\/2025\/12\/Banner-natalemnatal-1190x250px-768x161.gif 768w\" sizes=\"auto, (max-width: 1024px) 100vw, 1024px\" \/><\/a><\/figure>\n","protected":false},"excerpt":{"rendered":"<p>A pol\u00edtica de Macau ganhou um novo cap\u00edtulo nesta quarta-feira, 10 de dezembro, com o an\u00fancio do rompimento do vereador Jefinho (PSDB) com o governo da prefeita Fl\u00e1via Veras. Eleito em 2024 pelo grupo pol\u00edtico do ex-prefeito Z\u00e9 Ant\u00f4nio Menezes, Jefinho havia aderido \u00e0 base governista logo no in\u00edcio do ano. Agora, menos de um&#8230;<\/p>\n","protected":false},"author":1,"featured_media":6079,"comment_status":"open","ping_status":"closed","sticky":false,"template":"","format":"standard","meta":{"footnotes":""},"categories":[8],"tags":[],"class_list":["post-6078","post","type-post","status-publish","format-standard","has-post-thumbnail","hentry","category-cidades"],"_links":{"self":[{"href":"https:\/\/cafecommessias.com.br\/index.php?rest_route=\/wp\/v2\/posts\/6078","targetHints":{"allow":["GET"]}}],"collection":[{"href":"https:\/\/cafecommessias.com.br\/index.php?rest_route=\/wp\/v2\/posts"}],"about":[{"href":"https:\/\/cafecommessias.com.br\/index.php?rest_route=\/wp\/v2\/types\/post"}],"author":[{"embeddable":true,"href":"https:\/\/cafecommessias.com.br\/index.php?rest_route=\/wp\/v2\/users\/1"}],"replies":[{"embeddable":true,"href":"https:\/\/cafecommessias.com.br\/index.php?rest_route=%2Fwp%2Fv2%2Fcomments&post=6078"}],"version-history":[{"count":3,"href":"https:\/\/cafecommessias.com.br\/index.php?rest_route=\/wp\/v2\/posts\/6078\/revisions"}],"predecessor-version":[{"id":6348,"href":"https:\/\/cafecommessias.com.br\/index.php?rest_route=\/wp\/v2\/posts\/6078\/revisions\/6348"}],"wp:featuredmedia":[{"embeddable":true,"href":"https:\/\/cafecommessias.com.br\/index.php?rest_route=\/wp\/v2\/media\/6079"}],"wp:attachment":[{"href":"https:\/\/cafecommessias.com.br\/index.php?rest_route=%2Fwp%2Fv2%2Fmedia&parent=6078"}],"wp:term":[{"taxonomy":"category","embeddable":true,"href":"https:\/\/cafecommessias.com.br\/index.php?rest_route=%2Fwp%2Fv2%2Fcategories&post=6078"},{"taxonomy":"post_tag","embeddable":true,"href":"https:\/\/cafecommessias.com.br\/index.php?rest_route=%2Fwp%2Fv2%2Ftags&post=6078"}],"curies":[{"name":"wp","href":"https:\/\/api.w.org\/{rel}","templated":true}]}}