{"id":6115,"date":"2025-12-12T06:19:27","date_gmt":"2025-12-12T09:19:27","guid":{"rendered":"https:\/\/cafecommessias.com.br\/?p=6115"},"modified":"2025-12-15T00:01:58","modified_gmt":"2025-12-15T03:01:58","slug":"ventos-no-sudeste-causam-efeito-domino-e-afetam-36-voos-em-natal","status":"publish","type":"post","link":"https:\/\/cafecommessias.com.br\/?p=6115","title":{"rendered":"Ventos no Sudeste causam efeito domin\u00f3 e afetam 36 voos em Natal"},"content":{"rendered":"\n<p>A forte ventania que castiga a regi\u00e3o Sudeste desde quarta-feira (10) desencadeou um efeito cascata no sistema a\u00e9reo brasileiro, resultando em atrasos e cancelamentos em diversas capitais. No Rio Grande do Norte, o Aeroporto Internacional Alu\u00edzio Alves registrou 34 voos atrasados e 2 cancelados entre quarta (10) e quinta-feira (11), deixando centenas de passageiros sem previs\u00e3o de retorno e enfrentando dificuldades para reorganizar suas viagens.<\/p>\n\n\n\n<p>A reportagem \u00e9 da&nbsp;<em>Tribuna do Norte<\/em>. Entre os afetados est\u00e1 o potiguar Di\u00f3genes Baracho, 31, gestor esportivo que foi a S\u00e3o Paulo a trabalho e teve seu voo cancelado ap\u00f3s horas de espera em Congonhas. Ele relatou que j\u00e1 percebia sinais de caos no trajeto at\u00e9 o aeroporto \u2014 ruas sem energia e \u00e1rvores ca\u00eddas \u2014 e, ao chegar, encontrou um cen\u00e1rio de filas, tumulto e frustra\u00e7\u00e3o generalizada. Segundo Baracho, muitos passageiros perderam compromissos importantes, como casamentos, reuni\u00f5es e at\u00e9 o nascimento de familiares, enquanto reinava a sensa\u00e7\u00e3o de total falta de controle.<\/p>\n\n\n\n<p>O natalense tamb\u00e9m criticou duramente a aus\u00eancia de assist\u00eancia das companhias a\u00e9reas. Apesar de o cancelamento ter sido causado pelo mau tempo, ele aponta falhas graves na condu\u00e7\u00e3o da situa\u00e7\u00e3o. Sem hotel, sem transporte e sem orienta\u00e7\u00f5es claras, Di\u00f3genes s\u00f3 conseguiu um voucher de alimenta\u00e7\u00e3o porque foi atr\u00e1s da informa\u00e7\u00e3o por conta pr\u00f3pria. Agora, tenta retornar para Natal saindo de Campinas, na noite desta quinta (11), arcando sozinho com hospedagem, transporte e alimenta\u00e7\u00e3o \u2014 despesas que espera ser reembolsadas.<\/p>\n\n\n\n<p>Em nota, a Zurich Airport Brasil, administradora do aeroporto de Natal, afirmou que os passageiros devem buscar diretamente as companhias a\u00e9reas para esclarecer motivos dos atrasos e cancelamentos, al\u00e9m de verificar o status dos voos ou solicitar remarca\u00e7\u00e3o. Enquanto isso, o cen\u00e1rio segue de incerteza e desgaste para quem depende das rotas afetadas.<\/p>\n\n\n\n<p><em><sub>Por Tribuna do Norte<\/sub><\/em><\/p>\n\n\n\n<h2 class=\"wp-block-heading has-text-align-center\">PUBLICIDADE<\/h2>\n\n\n\n<figure class=\"wp-block-image size-large\"><a href=\"https:\/\/www.natal.rn.gov.br\/\"><img loading=\"lazy\" decoding=\"async\" width=\"1024\" height=\"215\" src=\"https:\/\/cafecommessias.com.br\/wp-content\/uploads\/2025\/12\/Banner-natalemnatal-1190x250px-1024x215.gif\" alt=\"\" class=\"wp-image-6336\" srcset=\"https:\/\/cafecommessias.com.br\/wp-content\/uploads\/2025\/12\/Banner-natalemnatal-1190x250px-1024x215.gif 1024w, https:\/\/cafecommessias.com.br\/wp-content\/uploads\/2025\/12\/Banner-natalemnatal-1190x250px-300x63.gif 300w, https:\/\/cafecommessias.com.br\/wp-content\/uploads\/2025\/12\/Banner-natalemnatal-1190x250px-768x161.gif 768w\" sizes=\"auto, (max-width: 1024px) 100vw, 1024px\" \/><\/a><\/figure>\n\n\n<div class=\"wp-block-post-author\"><div class=\"wp-block-post-author__avatar\"><img alt='' src='https:\/\/secure.gravatar.com\/avatar\/a62bcf199877d37056dc55ccc32b6decbd05abb46ce616ef4c38b16491e4d91d?s=48&#038;r=g' srcset='https:\/\/secure.gravatar.com\/avatar\/a62bcf199877d37056dc55ccc32b6decbd05abb46ce616ef4c38b16491e4d91d?s=96&#038;r=g 2x' class='avatar avatar-48 photo' height='48' width='48' \/><\/div><div class=\"wp-block-post-author__content\"><p class=\"wp-block-post-author__name\">Blogcafecommessias<\/p><\/div><\/div>","protected":false},"excerpt":{"rendered":"<p>A forte ventania que castiga a regi\u00e3o Sudeste desde quarta-feira (10) desencadeou um efeito cascata no sistema a\u00e9reo brasileiro, resultando em atrasos e cancelamentos em diversas capitais. No Rio Grande do Norte, o Aeroporto Internacional Alu\u00edzio Alves registrou 34 voos atrasados e 2 cancelados entre quarta (10) e quinta-feira (11), deixando centenas de passageiros sem&#8230;<\/p>\n","protected":false},"author":1,"featured_media":6116,"comment_status":"open","ping_status":"closed","sticky":false,"template":"","format":"standard","meta":{"footnotes":""},"categories":[3],"tags":[],"class_list":["post-6115","post","type-post","status-publish","format-standard","has-post-thumbnail","hentry","category-geral"],"_links":{"self":[{"href":"https:\/\/cafecommessias.com.br\/index.php?rest_route=\/wp\/v2\/posts\/6115","targetHints":{"allow":["GET"]}}],"collection":[{"href":"https:\/\/cafecommessias.com.br\/index.php?rest_route=\/wp\/v2\/posts"}],"about":[{"href":"https:\/\/cafecommessias.com.br\/index.php?rest_route=\/wp\/v2\/types\/post"}],"author":[{"embeddable":true,"href":"https:\/\/cafecommessias.com.br\/index.php?rest_route=\/wp\/v2\/users\/1"}],"replies":[{"embeddable":true,"href":"https:\/\/cafecommessias.com.br\/index.php?rest_route=%2Fwp%2Fv2%2Fcomments&post=6115"}],"version-history":[{"count":2,"href":"https:\/\/cafecommessias.com.br\/index.php?rest_route=\/wp\/v2\/posts\/6115\/revisions"}],"predecessor-version":[{"id":6344,"href":"https:\/\/cafecommessias.com.br\/index.php?rest_route=\/wp\/v2\/posts\/6115\/revisions\/6344"}],"wp:featuredmedia":[{"embeddable":true,"href":"https:\/\/cafecommessias.com.br\/index.php?rest_route=\/wp\/v2\/media\/6116"}],"wp:attachment":[{"href":"https:\/\/cafecommessias.com.br\/index.php?rest_route=%2Fwp%2Fv2%2Fmedia&parent=6115"}],"wp:term":[{"taxonomy":"category","embeddable":true,"href":"https:\/\/cafecommessias.com.br\/index.php?rest_route=%2Fwp%2Fv2%2Fcategories&post=6115"},{"taxonomy":"post_tag","embeddable":true,"href":"https:\/\/cafecommessias.com.br\/index.php?rest_route=%2Fwp%2Fv2%2Ftags&post=6115"}],"curies":[{"name":"wp","href":"https:\/\/api.w.org\/{rel}","templated":true}]}}