{"id":6121,"date":"2025-12-12T06:23:19","date_gmt":"2025-12-12T09:23:19","guid":{"rendered":"https:\/\/cafecommessias.com.br\/?p=6121"},"modified":"2025-12-12T06:23:31","modified_gmt":"2025-12-12T09:23:31","slug":"haddad-admite-pode-abandonar-fazenda-para-ajudar-lula-em-2026","status":"publish","type":"post","link":"https:\/\/cafecommessias.com.br\/?p=6121","title":{"rendered":"Haddad admite: pode abandonar Fazenda para ajudar Lula em 2026"},"content":{"rendered":"\n<p>O ministro da Fazenda, Fernando Haddad, admitiu que pode deixar o cargo para se dedicar \u00e0 campanha de reelei\u00e7\u00e3o de Lula em 2026. Em entrevista ao jornal O Globo, ele disse ter comunicado ao presidente que pretende atuar diretamente na elabora\u00e7\u00e3o do programa eleitoral e na articula\u00e7\u00e3o pol\u00edtica, descartando disputar cargos.<\/p>\n\n\n\n<p>Segundo Haddad, Lula recebeu a proposta de forma amistosa: \u201cEle falou: \u2018Haddad, voc\u00ea vai colaborar da maneira que preferir. Qualquer decis\u00e3o que voc\u00ea tome eu vou respeitar\u2019\u201d. O ministro refor\u00e7ou que n\u00e3o pretende concorrer a nenhum cargo, nem mesmo em S\u00e3o Paulo, onde seu nome chegou a ser cogitado para Senado ou governo estadual.<\/p>\n\n\n\n<p>Haddad afirmou que sua prioridade \u00e9 contribuir para um ano eleitoral tranquilo, sem tens\u00e3o, e garantir que a elei\u00e7\u00e3o de 2026 seja de \u201cbom n\u00edvel\u201d. Ele tamb\u00e9m disse n\u00e3o ter definido data de sa\u00edda da Fazenda, que ser\u00e1 decidida junto a Lula conforme o calend\u00e1rio eleitoral avance.<\/p>\n\n\n\n<p>O ministro ressaltou ainda que seu objetivo \u00e9 apoiar a estrat\u00e9gia do PT, ajudando na constru\u00e7\u00e3o do plano de governo e fortalecendo a campanha do presidente, sem buscar protagonismo pessoal ou cargos.<\/p>\n\n\n\n<p><a href=\"https:\/\/www.blogdobg.com.br\/haddad-admite-pode-abandonar-fazenda-para-ajudar-lula-em-2026\/#comentarios\"><\/a><\/p>\n\n\n\n<p><a href=\"tg:\/\/msg?text=https%3A%2F%2Fwww.blogdobg.com.br%2Fhaddad-admite-pode-abandonar-fazenda-para-ajudar-lula-em-2026%2F%20Haddad%20admite%3A%20pode%20abandonar%20Fazenda%20para%20ajudar%20Lula%20em%202026\"><\/a><\/p>\n","protected":false},"excerpt":{"rendered":"<p>O ministro da Fazenda, Fernando Haddad, admitiu que pode deixar o cargo para se dedicar \u00e0 campanha de reelei\u00e7\u00e3o de Lula em 2026. Em entrevista ao jornal O Globo, ele disse ter comunicado ao presidente que pretende atuar diretamente na elabora\u00e7\u00e3o do programa eleitoral e na articula\u00e7\u00e3o pol\u00edtica, descartando disputar cargos. Segundo Haddad, Lula recebeu&#8230;<\/p>\n","protected":false},"author":1,"featured_media":6122,"comment_status":"open","ping_status":"closed","sticky":false,"template":"","format":"standard","meta":{"footnotes":""},"categories":[6],"tags":[],"class_list":["post-6121","post","type-post","status-publish","format-standard","has-post-thumbnail","hentry","category-politica"],"_links":{"self":[{"href":"https:\/\/cafecommessias.com.br\/index.php?rest_route=\/wp\/v2\/posts\/6121","targetHints":{"allow":["GET"]}}],"collection":[{"href":"https:\/\/cafecommessias.com.br\/index.php?rest_route=\/wp\/v2\/posts"}],"about":[{"href":"https:\/\/cafecommessias.com.br\/index.php?rest_route=\/wp\/v2\/types\/post"}],"author":[{"embeddable":true,"href":"https:\/\/cafecommessias.com.br\/index.php?rest_route=\/wp\/v2\/users\/1"}],"replies":[{"embeddable":true,"href":"https:\/\/cafecommessias.com.br\/index.php?rest_route=%2Fwp%2Fv2%2Fcomments&post=6121"}],"version-history":[{"count":1,"href":"https:\/\/cafecommessias.com.br\/index.php?rest_route=\/wp\/v2\/posts\/6121\/revisions"}],"predecessor-version":[{"id":6123,"href":"https:\/\/cafecommessias.com.br\/index.php?rest_route=\/wp\/v2\/posts\/6121\/revisions\/6123"}],"wp:featuredmedia":[{"embeddable":true,"href":"https:\/\/cafecommessias.com.br\/index.php?rest_route=\/wp\/v2\/media\/6122"}],"wp:attachment":[{"href":"https:\/\/cafecommessias.com.br\/index.php?rest_route=%2Fwp%2Fv2%2Fmedia&parent=6121"}],"wp:term":[{"taxonomy":"category","embeddable":true,"href":"https:\/\/cafecommessias.com.br\/index.php?rest_route=%2Fwp%2Fv2%2Fcategories&post=6121"},{"taxonomy":"post_tag","embeddable":true,"href":"https:\/\/cafecommessias.com.br\/index.php?rest_route=%2Fwp%2Fv2%2Ftags&post=6121"}],"curies":[{"name":"wp","href":"https:\/\/api.w.org\/{rel}","templated":true}]}}