{"id":6160,"date":"2025-12-13T06:40:33","date_gmt":"2025-12-13T09:40:33","guid":{"rendered":"https:\/\/cafecommessias.com.br\/?p=6160"},"modified":"2025-12-14T23:52:59","modified_gmt":"2025-12-15T02:52:59","slug":"ex-vereador-de-montanhas-e-assassinado-em-ataque-rapido-no-rn","status":"publish","type":"post","link":"https:\/\/cafecommessias.com.br\/?p=6160","title":{"rendered":"Ex-vereador de Montanhas \u00e9 assassinado em ataque r\u00e1pido no RN"},"content":{"rendered":"\n<p>Jos\u00e9 Adailton de Medeiros, ex-vereador da cidade de Montanhas (RN), foi assassinado na tarde da \u00faltima quinta-feira (11) em circunst\u00e2ncias r\u00e1pidas e violentas, segundo informa\u00e7\u00f5es preliminares da Pol\u00edcia Militar. O crime ocorreu enquanto a v\u00edtima estava nas proximidades do frigor\u00edfico que seria de sua propriedade.<\/p>\n\n\n\n<p>De acordo com relatos de testemunhas e imagens obtidas, o suspeito chegou ao local em uma motocicleta, estacionou, sacou a arma e disparou contra o ex-vereador na cal\u00e7ada. O ataque durou menos de 20 segundos. A v\u00edtima n\u00e3o resistiu aos ferimentos e morreu ainda no local, sem receber atendimento m\u00e9dico.<\/p>\n\n\n\n<p>A pol\u00edcia foi acionada imediatamente e iniciou dilig\u00eancias para localizar o suspeito. At\u00e9 o momento, n\u00e3o h\u00e1 informa\u00e7\u00f5es sobre a motiva\u00e7\u00e3o do crime, e as autoridades descartam, at\u00e9 agora, qualquer ind\u00edcio de crime pol\u00edtico. A investiga\u00e7\u00e3o segue em andamento para identificar e prender o autor.<\/p>\n\n\n\n<p>O assassinato repercutiu na cidade, e tanto a C\u00e2mara Municipal quanto a Prefeitura de Montanhas se pronunciaram, lamentando a morte e solicitando esclarecimentos das autoridades.<\/p>\n\n\n\n<p>A popula\u00e7\u00e3o que possuir informa\u00e7\u00f5es que possam auxiliar nas investiga\u00e7\u00f5es \u00e9 orientada a entrar em contato com a pol\u00edcia por meio do n\u00famero de den\u00fancia via WhatsApp da cidade de Nova Cruz: (84) 98658-3520.<\/p>\n\n\n\n<p><em><sub>Por Ponta Negra News<\/sub><\/em><\/p>\n","protected":false},"excerpt":{"rendered":"<p>Jos\u00e9 Adailton de Medeiros, ex-vereador da cidade de Montanhas (RN), foi assassinado na tarde da \u00faltima quinta-feira (11) em circunst\u00e2ncias r\u00e1pidas e violentas, segundo informa\u00e7\u00f5es preliminares da Pol\u00edcia Militar. O crime ocorreu enquanto a v\u00edtima estava nas proximidades do frigor\u00edfico que seria de sua propriedade. De acordo com relatos de testemunhas e imagens obtidas, o&#8230;<\/p>\n","protected":false},"author":1,"featured_media":6162,"comment_status":"open","ping_status":"closed","sticky":false,"template":"","format":"standard","meta":{"footnotes":""},"categories":[23],"tags":[],"class_list":["post-6160","post","type-post","status-publish","format-standard","has-post-thumbnail","hentry","category-crime"],"_links":{"self":[{"href":"https:\/\/cafecommessias.com.br\/index.php?rest_route=\/wp\/v2\/posts\/6160","targetHints":{"allow":["GET"]}}],"collection":[{"href":"https:\/\/cafecommessias.com.br\/index.php?rest_route=\/wp\/v2\/posts"}],"about":[{"href":"https:\/\/cafecommessias.com.br\/index.php?rest_route=\/wp\/v2\/types\/post"}],"author":[{"embeddable":true,"href":"https:\/\/cafecommessias.com.br\/index.php?rest_route=\/wp\/v2\/users\/1"}],"replies":[{"embeddable":true,"href":"https:\/\/cafecommessias.com.br\/index.php?rest_route=%2Fwp%2Fv2%2Fcomments&post=6160"}],"version-history":[{"count":3,"href":"https:\/\/cafecommessias.com.br\/index.php?rest_route=\/wp\/v2\/posts\/6160\/revisions"}],"predecessor-version":[{"id":6340,"href":"https:\/\/cafecommessias.com.br\/index.php?rest_route=\/wp\/v2\/posts\/6160\/revisions\/6340"}],"wp:featuredmedia":[{"embeddable":true,"href":"https:\/\/cafecommessias.com.br\/index.php?rest_route=\/wp\/v2\/media\/6162"}],"wp:attachment":[{"href":"https:\/\/cafecommessias.com.br\/index.php?rest_route=%2Fwp%2Fv2%2Fmedia&parent=6160"}],"wp:term":[{"taxonomy":"category","embeddable":true,"href":"https:\/\/cafecommessias.com.br\/index.php?rest_route=%2Fwp%2Fv2%2Fcategories&post=6160"},{"taxonomy":"post_tag","embeddable":true,"href":"https:\/\/cafecommessias.com.br\/index.php?rest_route=%2Fwp%2Fv2%2Ftags&post=6160"}],"curies":[{"name":"wp","href":"https:\/\/api.w.org\/{rel}","templated":true}]}}