{"id":6172,"date":"2025-12-13T06:58:01","date_gmt":"2025-12-13T09:58:01","guid":{"rendered":"https:\/\/cafecommessias.com.br\/?p=6172"},"modified":"2025-12-13T13:59:58","modified_gmt":"2025-12-13T16:59:58","slug":"municipio-destaque-jandaira-recebe-selo-diamante-de-transparencia-publica","status":"publish","type":"post","link":"https:\/\/cafecommessias.com.br\/?p=6172","title":{"rendered":"MUNIC\u00cdPIO DESTAQUE: Janda\u00edra recebe Selo Diamante de Transpar\u00eancia P\u00fablica"},"content":{"rendered":"\n<p>A Prefeitura de Janda\u00edra conquistou o\u00a0<strong>Selo Diamante de Transpar\u00eancia P\u00fablica<\/strong>, maior premia\u00e7\u00e3o nacional concedida pela Associa\u00e7\u00e3o dos Membros dos Tribunais de Contas do Brasil (Atricon)<\/p>\n\n\n\n<figure class=\"wp-block-video\"><video height=\"850\" style=\"aspect-ratio: 478 \/ 850;\" width=\"478\" controls src=\"https:\/\/cafecommessias.com.br\/wp-content\/uploads\/2025\/12\/Prefeito-Reginaldo-Vitorino-Jandaira-1.mp4\"><\/video><\/figure>\n\n\n\n<p>O munic\u00edpio foi o&nbsp;<strong>\u00fanico da regi\u00e3o do Mato Grande<\/strong>&nbsp;a alcan\u00e7ar o n\u00edvel m\u00e1ximo de excel\u00eancia no ranking.<\/p>\n\n\n\n<p>O reconhecimento destaca o desempenho da gest\u00e3o municipal na disponibiliza\u00e7\u00e3o de informa\u00e7\u00f5es sobre receitas, despesas, licita\u00e7\u00f5es, contratos e outros dados de interesse p\u00fablico.<\/p>\n\n\n\n<p>Segundo o prefeito Reginaldo Vitorino, o resultado reflete o compromisso com a responsabilidade fiscal e o uso adequado dos recursos.<\/p>\n\n\n\n<p>O prefeito parabenizou as servidoras e os servidores pela conquista e afirmou que o pr\u00eamio demonstra que \u201cquando h\u00e1 vontade pol\u00edtica, seriedade e respeito com o dinheiro do povo, a gest\u00e3o p\u00fablica funciona de verdade\u201d.<\/p>\n","protected":false},"excerpt":{"rendered":"<p>A Prefeitura de Janda\u00edra conquistou o\u00a0Selo Diamante de Transpar\u00eancia P\u00fablica, maior premia\u00e7\u00e3o nacional concedida pela Associa\u00e7\u00e3o dos Membros dos Tribunais de Contas do Brasil (Atricon) O munic\u00edpio foi o&nbsp;\u00fanico da regi\u00e3o do Mato Grande&nbsp;a alcan\u00e7ar o n\u00edvel m\u00e1ximo de excel\u00eancia no ranking. O reconhecimento destaca o desempenho da gest\u00e3o municipal na disponibiliza\u00e7\u00e3o de informa\u00e7\u00f5es sobre&#8230;<\/p>\n","protected":false},"author":1,"featured_media":6173,"comment_status":"open","ping_status":"closed","sticky":false,"template":"","format":"standard","meta":{"footnotes":""},"categories":[3],"tags":[],"class_list":["post-6172","post","type-post","status-publish","format-standard","has-post-thumbnail","hentry","category-geral"],"_links":{"self":[{"href":"https:\/\/cafecommessias.com.br\/index.php?rest_route=\/wp\/v2\/posts\/6172","targetHints":{"allow":["GET"]}}],"collection":[{"href":"https:\/\/cafecommessias.com.br\/index.php?rest_route=\/wp\/v2\/posts"}],"about":[{"href":"https:\/\/cafecommessias.com.br\/index.php?rest_route=\/wp\/v2\/types\/post"}],"author":[{"embeddable":true,"href":"https:\/\/cafecommessias.com.br\/index.php?rest_route=\/wp\/v2\/users\/1"}],"replies":[{"embeddable":true,"href":"https:\/\/cafecommessias.com.br\/index.php?rest_route=%2Fwp%2Fv2%2Fcomments&post=6172"}],"version-history":[{"count":2,"href":"https:\/\/cafecommessias.com.br\/index.php?rest_route=\/wp\/v2\/posts\/6172\/revisions"}],"predecessor-version":[{"id":6205,"href":"https:\/\/cafecommessias.com.br\/index.php?rest_route=\/wp\/v2\/posts\/6172\/revisions\/6205"}],"wp:featuredmedia":[{"embeddable":true,"href":"https:\/\/cafecommessias.com.br\/index.php?rest_route=\/wp\/v2\/media\/6173"}],"wp:attachment":[{"href":"https:\/\/cafecommessias.com.br\/index.php?rest_route=%2Fwp%2Fv2%2Fmedia&parent=6172"}],"wp:term":[{"taxonomy":"category","embeddable":true,"href":"https:\/\/cafecommessias.com.br\/index.php?rest_route=%2Fwp%2Fv2%2Fcategories&post=6172"},{"taxonomy":"post_tag","embeddable":true,"href":"https:\/\/cafecommessias.com.br\/index.php?rest_route=%2Fwp%2Fv2%2Ftags&post=6172"}],"curies":[{"name":"wp","href":"https:\/\/api.w.org\/{rel}","templated":true}]}}