{"id":6198,"date":"2025-12-13T13:38:58","date_gmt":"2025-12-13T16:38:58","guid":{"rendered":"https:\/\/cafecommessias.com.br\/?p=6198"},"modified":"2025-12-13T13:39:53","modified_gmt":"2025-12-13T16:39:53","slug":"mato-grande-em-destaque-uma-conquista-que-orgulha-a-regiao","status":"publish","type":"post","link":"https:\/\/cafecommessias.com.br\/?p=6198","title":{"rendered":"MATO GRANDE EM DESTAQUE: Uma conquista que orgulha a regi\u00e3o!"},"content":{"rendered":"\n<p>A Prefeitura de Janda\u00edra recebeu, em solenidade no Tribunal de Contas do Estado (TCE\/RN), o Selo de Qualidade em Transpar\u00eancia P\u00fablica, sendo a \u00fanica cidade da regi\u00e3o do Mato Grande a alcan\u00e7ar esse reconhecimento.<\/p>\n\n\n\n<p>O selo integra o Programa Nacional de Transpar\u00eancia P\u00fablica, coordenado pela Atricon em parceria com os 33 Tribunais de Contas do Brasil, que avalia os portais de transpar\u00eancia de todos os poderes e \u00f3rg\u00e3os p\u00fablicos do pa\u00eds.<\/p>\n\n\n\n<p>A avalia\u00e7\u00e3o considera crit\u00e9rios como receitas e despesas, licita\u00e7\u00f5es, contratos, folha de pagamento, planejamento, programas governamentais, servi\u00e7os p\u00fablicos e canais de participa\u00e7\u00e3o social, com resultados dispon\u00edveis no Radar da Transpar\u00eancia P\u00fablica.<\/p>\n\n\n\n<p>Transpar\u00eancia \u00e9 compromisso com o dinheiro p\u00fablico e respeito ao povo. Janda\u00edra mostra que \u00e9 poss\u00edvel fazer gest\u00e3o com responsabilidade e clareza!<\/p>\n\n\n\n<p class=\"has-text-align-center\"><strong><em>PUBLICIDADE<\/em><\/strong><\/p>\n\n\n\n<figure class=\"wp-block-image size-full\"><img loading=\"lazy\" decoding=\"async\" width=\"630\" height=\"96\" src=\"https:\/\/cafecommessias.com.br\/wp-content\/uploads\/2025\/12\/630x96-Adolescencia.png.webp\" alt=\"\" class=\"wp-image-6095\" srcset=\"https:\/\/cafecommessias.com.br\/wp-content\/uploads\/2025\/12\/630x96-Adolescencia.png.webp 630w, https:\/\/cafecommessias.com.br\/wp-content\/uploads\/2025\/12\/630x96-Adolescencia.png-300x46.webp 300w\" sizes=\"auto, (max-width: 630px) 100vw, 630px\" \/><\/figure>\n","protected":false},"excerpt":{"rendered":"<p>A Prefeitura de Janda\u00edra recebeu, em solenidade no Tribunal de Contas do Estado (TCE\/RN), o Selo de Qualidade em Transpar\u00eancia P\u00fablica, sendo a \u00fanica cidade da regi\u00e3o do Mato Grande a alcan\u00e7ar esse reconhecimento. O selo integra o Programa Nacional de Transpar\u00eancia P\u00fablica, coordenado pela Atricon em parceria com os 33 Tribunais de Contas do&#8230;<\/p>\n","protected":false},"author":1,"featured_media":6199,"comment_status":"open","ping_status":"closed","sticky":false,"template":"","format":"standard","meta":{"footnotes":""},"categories":[3],"tags":[],"class_list":["post-6198","post","type-post","status-publish","format-standard","has-post-thumbnail","hentry","category-geral"],"_links":{"self":[{"href":"https:\/\/cafecommessias.com.br\/index.php?rest_route=\/wp\/v2\/posts\/6198","targetHints":{"allow":["GET"]}}],"collection":[{"href":"https:\/\/cafecommessias.com.br\/index.php?rest_route=\/wp\/v2\/posts"}],"about":[{"href":"https:\/\/cafecommessias.com.br\/index.php?rest_route=\/wp\/v2\/types\/post"}],"author":[{"embeddable":true,"href":"https:\/\/cafecommessias.com.br\/index.php?rest_route=\/wp\/v2\/users\/1"}],"replies":[{"embeddable":true,"href":"https:\/\/cafecommessias.com.br\/index.php?rest_route=%2Fwp%2Fv2%2Fcomments&post=6198"}],"version-history":[{"count":1,"href":"https:\/\/cafecommessias.com.br\/index.php?rest_route=\/wp\/v2\/posts\/6198\/revisions"}],"predecessor-version":[{"id":6200,"href":"https:\/\/cafecommessias.com.br\/index.php?rest_route=\/wp\/v2\/posts\/6198\/revisions\/6200"}],"wp:featuredmedia":[{"embeddable":true,"href":"https:\/\/cafecommessias.com.br\/index.php?rest_route=\/wp\/v2\/media\/6199"}],"wp:attachment":[{"href":"https:\/\/cafecommessias.com.br\/index.php?rest_route=%2Fwp%2Fv2%2Fmedia&parent=6198"}],"wp:term":[{"taxonomy":"category","embeddable":true,"href":"https:\/\/cafecommessias.com.br\/index.php?rest_route=%2Fwp%2Fv2%2Fcategories&post=6198"},{"taxonomy":"post_tag","embeddable":true,"href":"https:\/\/cafecommessias.com.br\/index.php?rest_route=%2Fwp%2Fv2%2Ftags&post=6198"}],"curies":[{"name":"wp","href":"https:\/\/api.w.org\/{rel}","templated":true}]}}