{"id":6206,"date":"2025-12-13T14:06:56","date_gmt":"2025-12-13T17:06:56","guid":{"rendered":"https:\/\/cafecommessias.com.br\/?p=6206"},"modified":"2025-12-13T14:07:10","modified_gmt":"2025-12-13T17:07:10","slug":"diante-de-lula-tarcisio-critica-polarizacao-esta-na-hora-de-mudar-essa-chave-de-dar-a-volta-por-cima","status":"publish","type":"post","link":"https:\/\/cafecommessias.com.br\/?p=6206","title":{"rendered":"Diante de Lula, Tarc\u00edsio critica polariza\u00e7\u00e3o: \u201cest\u00e1 na hora de mudar essa chave, de dar a volta por cima\u201d"},"content":{"rendered":"\n<p>Em evento com a presen\u00e7a do presidente Luiz In\u00e1cio Lula da Silva (PT), o governador de S\u00e3o Paulo, Tarc\u00edsio de Freitas (Republicanos), criticou o que chamou de \u201cpolariza\u00e7\u00e3o acirrada\u201d no pa\u00eds e defendeu que \u201cest\u00e1 na hora de mudar essa chave\u201d.<\/p>\n\n\n\n<p>O governador falava da import\u00e2ncia do jornalismo, durante a inaugura\u00e7\u00e3o do SBT News nessa sexta-feira (12), na capital paulista.<\/p>\n\n\n\n<p>\u201cUm momento de polariza\u00e7\u00e3o acirrada, de polariza\u00e7\u00e3o afetiva, onde as pessoas \u00e0s vezes se odeiam simplesmente porque pensam diferente. Logo aqui, no Brasil, o pa\u00eds do sincretismo, o pa\u00eds da toler\u00e2ncia, est\u00e1 na hora de mudar essa chave\u201d, come\u00e7ou Tarc\u00edsio.<\/p>\n\n\n\n<p>\u201cEst\u00e1 na hora de dar a volta por cima. N\u00f3s podemos sim pensar diferente. O debate vai acontecer na arena pol\u00edtica. Mas a gente tem como construir a converg\u00eancia. Um projeto de futuro\u201d, acrescentou.<\/p>\n\n\n\n<p>Essa n\u00e3o \u00e9 a primeira vez que o chefe do Executivo paulista discursa sobre a necessidade de mudan\u00e7a no pa\u00eds. Em novembro, o governador afirmou que bastava o Brasil trocar o \u201cCEO\u201d para voltar a funcionar.<\/p>\n\n\n\n<p>A sigla em ingl\u00eas se refere ao diretor-executivo de uma organiza\u00e7\u00e3o, que ocupa o cargo mais alto na hierarquia de uma empresa. No caso da publica\u00e7\u00e3o de Tarc\u00edsio, era uma refer\u00eancia velada a Lula.<\/p>\n\n\n\n<p>Apesar de insistir que ser\u00e1 candidato \u00e0 reelei\u00e7\u00e3o na disputa do ano que vem, o governador vinha sendo apontado como poss\u00edvel sucessor do ex-presidente Jair Bolsonaro (PL), que est\u00e1 ineleg\u00edvel.<\/p>\n\n\n\n<p>Na semana passada, por\u00e9m, o senador Fl\u00e1vio Bolsonaro (PL-RJ) anunciou que foi escolhido pelo pai para se lan\u00e7ar candidato ao Pal\u00e1cio do Planalto nas elei\u00e7\u00f5es de 2026.<\/p>\n\n\n\n<p><em><sub>Por CNN Brasil<\/sub><\/em><\/p>\n\n\n\n<p><\/p>\n","protected":false},"excerpt":{"rendered":"<p>Em evento com a presen\u00e7a do presidente Luiz In\u00e1cio Lula da Silva (PT), o governador de S\u00e3o Paulo, Tarc\u00edsio de Freitas (Republicanos), criticou o que chamou de \u201cpolariza\u00e7\u00e3o acirrada\u201d no pa\u00eds e defendeu que \u201cest\u00e1 na hora de mudar essa chave\u201d. O governador falava da import\u00e2ncia do jornalismo, durante a inaugura\u00e7\u00e3o do SBT News nessa&#8230;<\/p>\n","protected":false},"author":1,"featured_media":6207,"comment_status":"open","ping_status":"closed","sticky":false,"template":"","format":"standard","meta":{"footnotes":""},"categories":[6],"tags":[],"class_list":["post-6206","post","type-post","status-publish","format-standard","has-post-thumbnail","hentry","category-politica"],"_links":{"self":[{"href":"https:\/\/cafecommessias.com.br\/index.php?rest_route=\/wp\/v2\/posts\/6206","targetHints":{"allow":["GET"]}}],"collection":[{"href":"https:\/\/cafecommessias.com.br\/index.php?rest_route=\/wp\/v2\/posts"}],"about":[{"href":"https:\/\/cafecommessias.com.br\/index.php?rest_route=\/wp\/v2\/types\/post"}],"author":[{"embeddable":true,"href":"https:\/\/cafecommessias.com.br\/index.php?rest_route=\/wp\/v2\/users\/1"}],"replies":[{"embeddable":true,"href":"https:\/\/cafecommessias.com.br\/index.php?rest_route=%2Fwp%2Fv2%2Fcomments&post=6206"}],"version-history":[{"count":1,"href":"https:\/\/cafecommessias.com.br\/index.php?rest_route=\/wp\/v2\/posts\/6206\/revisions"}],"predecessor-version":[{"id":6208,"href":"https:\/\/cafecommessias.com.br\/index.php?rest_route=\/wp\/v2\/posts\/6206\/revisions\/6208"}],"wp:featuredmedia":[{"embeddable":true,"href":"https:\/\/cafecommessias.com.br\/index.php?rest_route=\/wp\/v2\/media\/6207"}],"wp:attachment":[{"href":"https:\/\/cafecommessias.com.br\/index.php?rest_route=%2Fwp%2Fv2%2Fmedia&parent=6206"}],"wp:term":[{"taxonomy":"category","embeddable":true,"href":"https:\/\/cafecommessias.com.br\/index.php?rest_route=%2Fwp%2Fv2%2Fcategories&post=6206"},{"taxonomy":"post_tag","embeddable":true,"href":"https:\/\/cafecommessias.com.br\/index.php?rest_route=%2Fwp%2Fv2%2Ftags&post=6206"}],"curies":[{"name":"wp","href":"https:\/\/api.w.org\/{rel}","templated":true}]}}