{"id":6221,"date":"2025-12-13T16:35:56","date_gmt":"2025-12-13T19:35:56","guid":{"rendered":"https:\/\/cafecommessias.com.br\/?p=6221"},"modified":"2025-12-16T00:43:56","modified_gmt":"2025-12-16T03:43:56","slug":"senado-aprova-medidas-mais-duras-contra-o-crime-organizado","status":"publish","type":"post","link":"https:\/\/cafecommessias.com.br\/?p=6221","title":{"rendered":"Senado Aprova medidas mais duras contra o crime organizado"},"content":{"rendered":"\n<p>O Senado aprovou o PL Antifac\u00e7\u00e3o (PL 5.582\/2025), considerado um marco legal do combate ao crime organizado no pa\u00eds. O projeto aumenta as penas para integrantes de fac\u00e7\u00f5es, torna mais r\u00edgida a progress\u00e3o de regime e determina o monitoramento das suas conversas e visitas na cadeia.<\/p>\n\n\n\n<p>Tamb\u00e9m mexe em regras para investiga\u00e7\u00e3o, prote\u00e7\u00e3o a testemunhas e responsabiliza\u00e7\u00e3o de agentes p\u00fablicos. O texto volta para a C\u00e2mara dos Deputados, de onde veio, para confirma\u00e7\u00e3o das mudan\u00e7as feitas pelos senadores.<\/p>\n\n\n\n<p>Os senadores tamb\u00e9m aprovaram a PEC do Marco Temporal (PEC 48\/2023), que vai para a C\u00e2mara.<\/p>\n\n\n\n<p>Segundo a proposta, a demarca\u00e7\u00e3o de terras ind\u00edgenas fica restrita \u00e0quelas terras que j\u00e1 estavam na posse de povos ind\u00edgenas na data da promulga\u00e7\u00e3o da Constitui\u00e7\u00e3o: 5 de outubro de 1988. Na pr\u00e1tica, a medida limita a possibilidade de demarca\u00e7\u00f5es.<\/p>\n\n\n\n<p><sub>Por&nbsp;Ag\u00eancia Senado<\/sub><\/p>\n\n\n\n<p class=\"has-text-align-center\"><strong><em>PUBLICIDADE<\/em><\/strong><\/p>\n\n\n\n<figure class=\"wp-block-image size-full\"><img loading=\"lazy\" decoding=\"async\" width=\"630\" height=\"96\" src=\"https:\/\/cafecommessias.com.br\/wp-content\/uploads\/2025\/12\/630x96-Adolescencia.png-1.webp\" alt=\"\" class=\"wp-image-6531\" srcset=\"https:\/\/cafecommessias.com.br\/wp-content\/uploads\/2025\/12\/630x96-Adolescencia.png-1.webp 630w, https:\/\/cafecommessias.com.br\/wp-content\/uploads\/2025\/12\/630x96-Adolescencia.png-1-300x46.webp 300w\" sizes=\"auto, (max-width: 630px) 100vw, 630px\" \/><\/figure>\n\n\n<div class=\"wp-block-post-author\"><div class=\"wp-block-post-author__avatar\"><img alt='' src='https:\/\/secure.gravatar.com\/avatar\/a62bcf199877d37056dc55ccc32b6decbd05abb46ce616ef4c38b16491e4d91d?s=48&#038;r=g' srcset='https:\/\/secure.gravatar.com\/avatar\/a62bcf199877d37056dc55ccc32b6decbd05abb46ce616ef4c38b16491e4d91d?s=96&#038;r=g 2x' class='avatar avatar-48 photo' height='48' width='48' \/><\/div><div class=\"wp-block-post-author__content\"><p class=\"wp-block-post-author__name\">Blogcafecommessias<\/p><\/div><\/div>","protected":false},"excerpt":{"rendered":"<p>O Senado aprovou o PL Antifac\u00e7\u00e3o (PL 5.582\/2025), considerado um marco legal do combate ao crime organizado no pa\u00eds. O projeto aumenta as penas para integrantes de fac\u00e7\u00f5es, torna mais r\u00edgida a progress\u00e3o de regime e determina o monitoramento das suas conversas e visitas na cadeia. Tamb\u00e9m mexe em regras para investiga\u00e7\u00e3o, prote\u00e7\u00e3o a testemunhas&#8230;<\/p>\n","protected":false},"author":1,"featured_media":6222,"comment_status":"open","ping_status":"closed","sticky":false,"template":"","format":"standard","meta":{"footnotes":""},"categories":[6],"tags":[],"class_list":["post-6221","post","type-post","status-publish","format-standard","has-post-thumbnail","hentry","category-politica"],"_links":{"self":[{"href":"https:\/\/cafecommessias.com.br\/index.php?rest_route=\/wp\/v2\/posts\/6221","targetHints":{"allow":["GET"]}}],"collection":[{"href":"https:\/\/cafecommessias.com.br\/index.php?rest_route=\/wp\/v2\/posts"}],"about":[{"href":"https:\/\/cafecommessias.com.br\/index.php?rest_route=\/wp\/v2\/types\/post"}],"author":[{"embeddable":true,"href":"https:\/\/cafecommessias.com.br\/index.php?rest_route=\/wp\/v2\/users\/1"}],"replies":[{"embeddable":true,"href":"https:\/\/cafecommessias.com.br\/index.php?rest_route=%2Fwp%2Fv2%2Fcomments&post=6221"}],"version-history":[{"count":3,"href":"https:\/\/cafecommessias.com.br\/index.php?rest_route=\/wp\/v2\/posts\/6221\/revisions"}],"predecessor-version":[{"id":6532,"href":"https:\/\/cafecommessias.com.br\/index.php?rest_route=\/wp\/v2\/posts\/6221\/revisions\/6532"}],"wp:featuredmedia":[{"embeddable":true,"href":"https:\/\/cafecommessias.com.br\/index.php?rest_route=\/wp\/v2\/media\/6222"}],"wp:attachment":[{"href":"https:\/\/cafecommessias.com.br\/index.php?rest_route=%2Fwp%2Fv2%2Fmedia&parent=6221"}],"wp:term":[{"taxonomy":"category","embeddable":true,"href":"https:\/\/cafecommessias.com.br\/index.php?rest_route=%2Fwp%2Fv2%2Fcategories&post=6221"},{"taxonomy":"post_tag","embeddable":true,"href":"https:\/\/cafecommessias.com.br\/index.php?rest_route=%2Fwp%2Fv2%2Ftags&post=6221"}],"curies":[{"name":"wp","href":"https:\/\/api.w.org\/{rel}","templated":true}]}}