{"id":6230,"date":"2025-12-13T16:49:11","date_gmt":"2025-12-13T19:49:11","guid":{"rendered":"https:\/\/cafecommessias.com.br\/?p=6230"},"modified":"2025-12-13T18:28:13","modified_gmt":"2025-12-13T21:28:13","slug":"poco-branco-cidade-e-contemplada-com-trator-zero-quilometro-para-fortalecer-a-agricultura-familiar","status":"publish","type":"post","link":"https:\/\/cafecommessias.com.br\/?p=6230","title":{"rendered":"PO\u00c7O BRANCO: Cidade \u00e9 contemplada com trator zero quil\u00f4metro para fortalecer a agricultura familiar"},"content":{"rendered":"\n<p>O munic\u00edpio de&nbsp;<strong>Po\u00e7o Branco<\/strong>, localizado na regi\u00e3o do&nbsp;<strong>Mato Grande<\/strong>, foi contemplado com um&nbsp;<strong>trator zero quil\u00f4metro<\/strong>, fruto de uma importante parceria com a&nbsp;<strong>senadora Zenaide Maia<\/strong>.<\/p>\n\n\n\n<p>Ao lado da senadora, o&nbsp;<strong>prefeito Edinho<\/strong>&nbsp;comemorou mais essa conquista para o munic\u00edpio e agradeceu o apoio e a parceria constante da parlamentar em favor de Po\u00e7o Branco.<\/p>\n\n\n\n<p>\u201cHoje, atendendo a um pedido nosso, a senadora Zenaide Maia est\u00e1 entregando um&nbsp;<strong>trator novinho<\/strong>, equipado com&nbsp;<strong>cabine, ar-condicionado e diversos acess\u00f3rios<\/strong>, que ir\u00e1 servir diretamente aos nossos agricultores, especialmente no per\u00edodo de corte de terra e em outros servi\u00e7os essenciais ao homem e \u00e0 mulher do campo\u201d, destacou o prefeito.<\/p>\n\n\n\n<p>A chegada do novo equipamento representa um&nbsp;<strong>fortalecimento da agricultura familiar<\/strong>, garantindo mais apoio, dignidade e melhores condi\u00e7\u00f5es de trabalho para os agricultores e agricultoras da querida&nbsp;<strong>Po\u00e7o Branco<\/strong>.<\/p>\n\n\n\n<p class=\"has-text-align-center\"><strong><em>PUBLICIDADE<\/em><\/strong><\/p>\n\n\n\n<figure class=\"wp-block-image size-full\"><img loading=\"lazy\" decoding=\"async\" width=\"750\" height=\"200\" src=\"https:\/\/cafecommessias.com.br\/wp-content\/uploads\/2025\/12\/sicred.gif\" alt=\"\" class=\"wp-image-5759\"\/><\/figure>\n","protected":false},"excerpt":{"rendered":"<p>O munic\u00edpio de&nbsp;Po\u00e7o Branco, localizado na regi\u00e3o do&nbsp;Mato Grande, foi contemplado com um&nbsp;trator zero quil\u00f4metro, fruto de uma importante parceria com a&nbsp;senadora Zenaide Maia. Ao lado da senadora, o&nbsp;prefeito Edinho&nbsp;comemorou mais essa conquista para o munic\u00edpio e agradeceu o apoio e a parceria constante da parlamentar em favor de Po\u00e7o Branco. \u201cHoje, atendendo a um&#8230;<\/p>\n","protected":false},"author":1,"featured_media":6231,"comment_status":"open","ping_status":"closed","sticky":false,"template":"","format":"standard","meta":{"footnotes":""},"categories":[8],"tags":[],"class_list":["post-6230","post","type-post","status-publish","format-standard","has-post-thumbnail","hentry","category-cidades"],"_links":{"self":[{"href":"https:\/\/cafecommessias.com.br\/index.php?rest_route=\/wp\/v2\/posts\/6230","targetHints":{"allow":["GET"]}}],"collection":[{"href":"https:\/\/cafecommessias.com.br\/index.php?rest_route=\/wp\/v2\/posts"}],"about":[{"href":"https:\/\/cafecommessias.com.br\/index.php?rest_route=\/wp\/v2\/types\/post"}],"author":[{"embeddable":true,"href":"https:\/\/cafecommessias.com.br\/index.php?rest_route=\/wp\/v2\/users\/1"}],"replies":[{"embeddable":true,"href":"https:\/\/cafecommessias.com.br\/index.php?rest_route=%2Fwp%2Fv2%2Fcomments&post=6230"}],"version-history":[{"count":2,"href":"https:\/\/cafecommessias.com.br\/index.php?rest_route=\/wp\/v2\/posts\/6230\/revisions"}],"predecessor-version":[{"id":6252,"href":"https:\/\/cafecommessias.com.br\/index.php?rest_route=\/wp\/v2\/posts\/6230\/revisions\/6252"}],"wp:featuredmedia":[{"embeddable":true,"href":"https:\/\/cafecommessias.com.br\/index.php?rest_route=\/wp\/v2\/media\/6231"}],"wp:attachment":[{"href":"https:\/\/cafecommessias.com.br\/index.php?rest_route=%2Fwp%2Fv2%2Fmedia&parent=6230"}],"wp:term":[{"taxonomy":"category","embeddable":true,"href":"https:\/\/cafecommessias.com.br\/index.php?rest_route=%2Fwp%2Fv2%2Fcategories&post=6230"},{"taxonomy":"post_tag","embeddable":true,"href":"https:\/\/cafecommessias.com.br\/index.php?rest_route=%2Fwp%2Fv2%2Ftags&post=6230"}],"curies":[{"name":"wp","href":"https:\/\/api.w.org\/{rel}","templated":true}]}}