{"id":6274,"date":"2025-12-14T09:04:41","date_gmt":"2025-12-14T12:04:41","guid":{"rendered":"https:\/\/cafecommessias.com.br\/?p=6274"},"modified":"2025-12-14T09:04:53","modified_gmt":"2025-12-14T12:04:53","slug":"caso-zambelli-expoe-impasse-entre-camara-e-stf-e-leva-hugo-motta-a-buscar-saida-juridica","status":"publish","type":"post","link":"https:\/\/cafecommessias.com.br\/?p=6274","title":{"rendered":"Caso Zambelli exp\u00f5e impasse entre C\u00e2mara e STF e leva Hugo Motta a buscar sa\u00edda jur\u00eddica"},"content":{"rendered":"\n<p>O presidente da C\u00e2mara dos Deputados, Hugo Motta (Republicanos-PB), acionou neste domingo (14) a \u00e1rea jur\u00eddica da Casa para avaliar como reagir \u00e0 decis\u00e3o do STF que determinou a perda imediata do mandato da deputada Carla Zambelli (PL-SP). A medida ocorre ap\u00f3s o plen\u00e1rio da C\u00e2mara n\u00e3o alcan\u00e7ar os votos necess\u00e1rios para cassar a parlamentar, mesmo ap\u00f3s duas condena\u00e7\u00f5es criminais definitivas.<\/p>\n\n\n\n<p>Diante do impasse, Motta avalia consultar formalmente o Supremo para esclarecer a quem cabe a palavra final sobre a cassa\u00e7\u00e3o de deputados federais: ao Legislativo ou \u00e0 Corte. Zambelli \u00e9 considerada foragida da Justi\u00e7a brasileira desde junho e est\u00e1 presa na It\u00e1lia, onde aguarda o andamento de um processo de extradi\u00e7\u00e3o.<\/p>\n\n\n\n<p>Mesmo com a decis\u00e3o do plen\u00e1rio, o ministro Alexandre de Moraes decretou a perda do mandato, argumento referendado pela maioria do STF. Segundo a Corte, condena\u00e7\u00f5es criminais transitadas em julgado suspendem automaticamente os direitos pol\u00edticos, o que impediria o exerc\u00edcio de mandato eletivo e autorizaria a convoca\u00e7\u00e3o imediata do suplente.<\/p>\n\n\n\n<p>O caso reacende um debate antigo entre os Poderes. Situa\u00e7\u00f5es semelhantes ocorreram nos epis\u00f3dios envolvendo os ex-deputados Natan Donadon, Paulo Maluf e Paulo Feij\u00f3, quando o STF passou a defender que condena\u00e7\u00f5es em regime fechado tornam a cassa\u00e7\u00e3o autom\u00e1tica, sem necessidade de vota\u00e7\u00e3o em plen\u00e1rio \u2014 entendimento que agora volta ao centro da crise institucional.<\/p>\n\n\n\n<p><\/p>\n","protected":false},"excerpt":{"rendered":"<p>O presidente da C\u00e2mara dos Deputados, Hugo Motta (Republicanos-PB), acionou neste domingo (14) a \u00e1rea jur\u00eddica da Casa para avaliar como reagir \u00e0 decis\u00e3o do STF que determinou a perda imediata do mandato da deputada Carla Zambelli (PL-SP). A medida ocorre ap\u00f3s o plen\u00e1rio da C\u00e2mara n\u00e3o alcan\u00e7ar os votos necess\u00e1rios para cassar a parlamentar,&#8230;<\/p>\n","protected":false},"author":1,"featured_media":6275,"comment_status":"open","ping_status":"open","sticky":false,"template":"","format":"standard","meta":{"footnotes":""},"categories":[3],"tags":[],"class_list":["post-6274","post","type-post","status-publish","format-standard","has-post-thumbnail","hentry","category-geral"],"_links":{"self":[{"href":"https:\/\/cafecommessias.com.br\/index.php?rest_route=\/wp\/v2\/posts\/6274","targetHints":{"allow":["GET"]}}],"collection":[{"href":"https:\/\/cafecommessias.com.br\/index.php?rest_route=\/wp\/v2\/posts"}],"about":[{"href":"https:\/\/cafecommessias.com.br\/index.php?rest_route=\/wp\/v2\/types\/post"}],"author":[{"embeddable":true,"href":"https:\/\/cafecommessias.com.br\/index.php?rest_route=\/wp\/v2\/users\/1"}],"replies":[{"embeddable":true,"href":"https:\/\/cafecommessias.com.br\/index.php?rest_route=%2Fwp%2Fv2%2Fcomments&post=6274"}],"version-history":[{"count":1,"href":"https:\/\/cafecommessias.com.br\/index.php?rest_route=\/wp\/v2\/posts\/6274\/revisions"}],"predecessor-version":[{"id":6276,"href":"https:\/\/cafecommessias.com.br\/index.php?rest_route=\/wp\/v2\/posts\/6274\/revisions\/6276"}],"wp:featuredmedia":[{"embeddable":true,"href":"https:\/\/cafecommessias.com.br\/index.php?rest_route=\/wp\/v2\/media\/6275"}],"wp:attachment":[{"href":"https:\/\/cafecommessias.com.br\/index.php?rest_route=%2Fwp%2Fv2%2Fmedia&parent=6274"}],"wp:term":[{"taxonomy":"category","embeddable":true,"href":"https:\/\/cafecommessias.com.br\/index.php?rest_route=%2Fwp%2Fv2%2Fcategories&post=6274"},{"taxonomy":"post_tag","embeddable":true,"href":"https:\/\/cafecommessias.com.br\/index.php?rest_route=%2Fwp%2Fv2%2Ftags&post=6274"}],"curies":[{"name":"wp","href":"https:\/\/api.w.org\/{rel}","templated":true}]}}