{"id":6280,"date":"2025-12-14T09:09:09","date_gmt":"2025-12-14T12:09:09","guid":{"rendered":"https:\/\/cafecommessias.com.br\/?p=6280"},"modified":"2025-12-14T23:43:27","modified_gmt":"2025-12-15T02:43:27","slug":"stf-recebeu-proposta-de-codigo-de-conduta-apos-desgaste-com-ministros","status":"publish","type":"post","link":"https:\/\/cafecommessias.com.br\/?p=6280","title":{"rendered":"STF recebeu proposta de c\u00f3digo de conduta ap\u00f3s desgaste com ministros"},"content":{"rendered":"\n<p>O Supremo Tribunal Federal (STF) recebeu, em outubro deste ano, uma proposta formal para a cria\u00e7\u00e3o de um C\u00f3digo de Conduta voltado aos seus ministros. O documento, intitulado&nbsp;<em>\u201cA Responsabilidade pela \u00daltima Palavra\u201d<\/em>, foi elaborado pela Funda\u00e7\u00e3o FHC e entregue pessoalmente ao presidente da Corte, Edson Fachin, logo ap\u00f3s sua posse, al\u00e9m de ter sido encaminhado aos demais ministros por e-mail e correio.<\/p>\n\n\n\n<p>A proposta defende regras claras sobre deveres \u00e9ticos, imparcialidade judicial, transpar\u00eancia de rendimentos, conduta p\u00fablica e quarentena institucional para ex-ministros. Segundo a Funda\u00e7\u00e3o FHC, a ado\u00e7\u00e3o do c\u00f3digo \u00e9 necess\u00e1ria diante da perda de confian\u00e7a social no tribunal. \u201cA redu\u00e7\u00e3o da confian\u00e7a no Tribunal pode afetar sensivelmente sua capacidade de cumprir sua miss\u00e3o institucional\u201d, afirma o texto.<\/p>\n\n\n\n<p>O debate ganhou for\u00e7a ap\u00f3s revela\u00e7\u00f5es envolvendo ministros da Corte. Entre os epis\u00f3dios citados est\u00e1 a viagem do ministro Dias Toffoli a Lima, no Peru, em um jatinho com advogado ligado a investigado do Banco Master, dias antes de impor sigilo m\u00e1ximo \u00e0s investiga\u00e7\u00f5es. Tamb\u00e9m veio \u00e0 tona um contrato milion\u00e1rio firmado entre o Banco Master e o escrit\u00f3rio da advogada Viviane Barci de Moraes, esposa do ministro Alexandre de Moraes.<\/p>\n\n\n\n<p>Dentro do STF, Edson Fachin \u00e9 um dos principais defensores da cria\u00e7\u00e3o do C\u00f3digo de Conduta e trabalha em uma proposta inspirada no modelo do Tribunal Constitucional Federal da Alemanha, que imp\u00f5e regras sobre palestras, eventos privados e divulga\u00e7\u00e3o de remunera\u00e7\u00f5es. Segundo a assessoria do Supremo, o texto ainda n\u00e3o tem data para ser pautado, mas est\u00e1 em negocia\u00e7\u00e3o interna entre os ministros.<\/p>\n\n\n\n<p><em><sub>Por Poder360<\/sub><\/em><\/p>\n\n\n<div class=\"wp-block-post-author\"><div class=\"wp-block-post-author__avatar\"><img alt='' src='https:\/\/secure.gravatar.com\/avatar\/a62bcf199877d37056dc55ccc32b6decbd05abb46ce616ef4c38b16491e4d91d?s=48&#038;r=g' srcset='https:\/\/secure.gravatar.com\/avatar\/a62bcf199877d37056dc55ccc32b6decbd05abb46ce616ef4c38b16491e4d91d?s=96&#038;r=g 2x' class='avatar avatar-48 photo' height='48' width='48' \/><\/div><div class=\"wp-block-post-author__content\"><p class=\"wp-block-post-author__name\">Blogcafecommessias<\/p><\/div><\/div>","protected":false},"excerpt":{"rendered":"<p>O Supremo Tribunal Federal (STF) recebeu, em outubro deste ano, uma proposta formal para a cria\u00e7\u00e3o de um C\u00f3digo de Conduta voltado aos seus ministros. O documento, intitulado&nbsp;\u201cA Responsabilidade pela \u00daltima Palavra\u201d, foi elaborado pela Funda\u00e7\u00e3o FHC e entregue pessoalmente ao presidente da Corte, Edson Fachin, logo ap\u00f3s sua posse, al\u00e9m de ter sido encaminhado&#8230;<\/p>\n","protected":false},"author":1,"featured_media":6281,"comment_status":"open","ping_status":"closed","sticky":false,"template":"","format":"standard","meta":{"footnotes":""},"categories":[39],"tags":[],"class_list":["post-6280","post","type-post","status-publish","format-standard","has-post-thumbnail","hentry","category-justica"],"_links":{"self":[{"href":"https:\/\/cafecommessias.com.br\/index.php?rest_route=\/wp\/v2\/posts\/6280","targetHints":{"allow":["GET"]}}],"collection":[{"href":"https:\/\/cafecommessias.com.br\/index.php?rest_route=\/wp\/v2\/posts"}],"about":[{"href":"https:\/\/cafecommessias.com.br\/index.php?rest_route=\/wp\/v2\/types\/post"}],"author":[{"embeddable":true,"href":"https:\/\/cafecommessias.com.br\/index.php?rest_route=\/wp\/v2\/users\/1"}],"replies":[{"embeddable":true,"href":"https:\/\/cafecommessias.com.br\/index.php?rest_route=%2Fwp%2Fv2%2Fcomments&post=6280"}],"version-history":[{"count":2,"href":"https:\/\/cafecommessias.com.br\/index.php?rest_route=\/wp\/v2\/posts\/6280\/revisions"}],"predecessor-version":[{"id":6332,"href":"https:\/\/cafecommessias.com.br\/index.php?rest_route=\/wp\/v2\/posts\/6280\/revisions\/6332"}],"wp:featuredmedia":[{"embeddable":true,"href":"https:\/\/cafecommessias.com.br\/index.php?rest_route=\/wp\/v2\/media\/6281"}],"wp:attachment":[{"href":"https:\/\/cafecommessias.com.br\/index.php?rest_route=%2Fwp%2Fv2%2Fmedia&parent=6280"}],"wp:term":[{"taxonomy":"category","embeddable":true,"href":"https:\/\/cafecommessias.com.br\/index.php?rest_route=%2Fwp%2Fv2%2Fcategories&post=6280"},{"taxonomy":"post_tag","embeddable":true,"href":"https:\/\/cafecommessias.com.br\/index.php?rest_route=%2Fwp%2Fv2%2Ftags&post=6280"}],"curies":[{"name":"wp","href":"https:\/\/api.w.org\/{rel}","templated":true}]}}