{"id":6300,"date":"2025-12-14T10:50:55","date_gmt":"2025-12-14T13:50:55","guid":{"rendered":"https:\/\/cafecommessias.com.br\/?p=6300"},"modified":"2025-12-14T10:51:12","modified_gmt":"2025-12-14T13:51:12","slug":"municipio-do-interior-do-rio-grande-do-norte-registra-grande-redemoinho-chamando-a-atencao-dos-moradores","status":"publish","type":"post","link":"https:\/\/cafecommessias.com.br\/?p=6300","title":{"rendered":"Munic\u00edpio do interior do Rio Grande do Norte registra grande redemoinho chamando a aten\u00e7\u00e3o dos moradores"},"content":{"rendered":"\n<p>Um grande redemoinho foi registrado no S\u00edtio, em Jardim de Piranhas, chamando a aten\u00e7\u00e3o de moradores da regi\u00e3o.<\/p>\n\n\n\n<p>O fen\u00f4meno impressionou pelo tamanho e intensidade, algo que n\u00e3o era visto h\u00e1 muitos anos no munic\u00edpio.&nbsp;<em>A informa\u00e7\u00e3o \u00e9 do Blog Jardim Not\u00edcias<\/em><\/p>\n\n\n\n<p>Moradores relatam que j\u00e1 foram registrados tr\u00eas ou quatro redemoinhos, refor\u00e7ando como a natureza e os tempos t\u00eam mudado, proporcionando cenas t\u00e3o belas quanto impactantes.<\/p>\n\n\n\n<p>Redemoinhos de poeira&nbsp;<strong>s\u00e3o colunas de poeira que se levantam do ch\u00e3o girando. &nbsp;As dimens\u00f5es (altura vertical e largura) s\u00e3o muito vari\u00e1veis.&nbsp;<\/strong>Podem se estender por&nbsp;<strong>algumas centenas de metros acima do solo<\/strong>&nbsp;e at\u00e9 se mover de um local para outro, em curtas dist\u00e2ncias.<\/p>\n\n\n\n<p>A&nbsp;<strong>temperatura do ar e do solo muito elevadas \u00e9 o fator principal para a forma\u00e7\u00e3o deste fen\u00f4meno e por isso podem surgir em meio ao fogo de queimadas<\/strong>. &nbsp;<\/p>\n\n\n\n<p>A&nbsp;<strong>largura dos redemoinhos de poeira<\/strong>, em geral, \u00e9 da ordem de algumas&nbsp;<strong>dezenas de metros<\/strong>. Alguns deles podem ser realmente densos, acumulando muita poeira que restringe a visibilidade no local que est\u00e1 ocorrendo. Outros s\u00e3o ralos e permitem at\u00e9 a vis\u00e3o por dentro da coluna de poeira.&nbsp;<strong>Com informa\u00e7\u00e7\u00f5es da Clima Tempo<\/strong><\/p>\n\n\n\n<p><em><sub>Por Blog Jardim Not\u00edcias<\/sub><\/em><\/p>\n\n\n\n<p><\/p>\n","protected":false},"excerpt":{"rendered":"<p>Um grande redemoinho foi registrado no S\u00edtio, em Jardim de Piranhas, chamando a aten\u00e7\u00e3o de moradores da regi\u00e3o. O fen\u00f4meno impressionou pelo tamanho e intensidade, algo que n\u00e3o era visto h\u00e1 muitos anos no munic\u00edpio.&nbsp;A informa\u00e7\u00e3o \u00e9 do Blog Jardim Not\u00edcias Moradores relatam que j\u00e1 foram registrados tr\u00eas ou quatro redemoinhos, refor\u00e7ando como a natureza&#8230;<\/p>\n","protected":false},"author":1,"featured_media":6301,"comment_status":"open","ping_status":"closed","sticky":false,"template":"","format":"standard","meta":{"footnotes":""},"categories":[3],"tags":[],"class_list":["post-6300","post","type-post","status-publish","format-standard","has-post-thumbnail","hentry","category-geral"],"_links":{"self":[{"href":"https:\/\/cafecommessias.com.br\/index.php?rest_route=\/wp\/v2\/posts\/6300","targetHints":{"allow":["GET"]}}],"collection":[{"href":"https:\/\/cafecommessias.com.br\/index.php?rest_route=\/wp\/v2\/posts"}],"about":[{"href":"https:\/\/cafecommessias.com.br\/index.php?rest_route=\/wp\/v2\/types\/post"}],"author":[{"embeddable":true,"href":"https:\/\/cafecommessias.com.br\/index.php?rest_route=\/wp\/v2\/users\/1"}],"replies":[{"embeddable":true,"href":"https:\/\/cafecommessias.com.br\/index.php?rest_route=%2Fwp%2Fv2%2Fcomments&post=6300"}],"version-history":[{"count":1,"href":"https:\/\/cafecommessias.com.br\/index.php?rest_route=\/wp\/v2\/posts\/6300\/revisions"}],"predecessor-version":[{"id":6302,"href":"https:\/\/cafecommessias.com.br\/index.php?rest_route=\/wp\/v2\/posts\/6300\/revisions\/6302"}],"wp:featuredmedia":[{"embeddable":true,"href":"https:\/\/cafecommessias.com.br\/index.php?rest_route=\/wp\/v2\/media\/6301"}],"wp:attachment":[{"href":"https:\/\/cafecommessias.com.br\/index.php?rest_route=%2Fwp%2Fv2%2Fmedia&parent=6300"}],"wp:term":[{"taxonomy":"category","embeddable":true,"href":"https:\/\/cafecommessias.com.br\/index.php?rest_route=%2Fwp%2Fv2%2Fcategories&post=6300"},{"taxonomy":"post_tag","embeddable":true,"href":"https:\/\/cafecommessias.com.br\/index.php?rest_route=%2Fwp%2Fv2%2Ftags&post=6300"}],"curies":[{"name":"wp","href":"https:\/\/api.w.org\/{rel}","templated":true}]}}