{"id":6303,"date":"2025-12-14T10:53:39","date_gmt":"2025-12-14T13:53:39","guid":{"rendered":"https:\/\/cafecommessias.com.br\/?p=6303"},"modified":"2025-12-14T23:41:27","modified_gmt":"2025-12-15T02:41:27","slug":"roberto-carlos-sofre-acidente-com-cadillac-durante-gravacao-do-especial-da-globo","status":"publish","type":"post","link":"https:\/\/cafecommessias.com.br\/?p=6303","title":{"rendered":"Roberto Carlos sofre acidente com Cadillac durante grava\u00e7\u00e3o do especial da Globo"},"content":{"rendered":"\n<p>O cantor Roberto Carlos&nbsp;sofreu um acidente durante as grava\u00e7\u00f5es do especial de fim de ano da TV Globo. O caso ocorreu durante a madrugada deste domingo, 14, em Gramado, no Rio Grande do Sul.<\/p>\n\n\n\n<p>Segundo o Comando Rodovi\u00e1rio da Brigada Militar, o cantor dirigia um Cadillac 1960 em uma subida \u00edngreme. A falha mec\u00e2nica no freio fez o ve\u00edculo descer de r\u00e9, batendo em outros tr\u00eas carros e em uma \u00e1rvore.<\/p>\n\n\n\n<p>\u201cNesta madrugada, durante grava\u00e7\u00e3o do clipe de abertura do especial de fim de ano da TV Globo em Gramado, houve uma falha no freio do Cadillac conduzido pelo cantor Roberto Carlos, que atingiu tr\u00eas carros da equipe do artista\u201d, informou a Globo em nota.<\/p>\n\n\n\n<p>Ainda segundo a emissora, o cantor e outras tr\u00eas pessoas de sua equipe foram encaminhadas ao hospital Arcanjo S\u00e3o Miguel, onde realizaram exames e foram liberados.<\/p>\n\n\n\n<p>Roberto Carlos est\u00e1 com a agenda lotada para este m\u00eas. O cantor ter\u00e1 apresenta\u00e7\u00f5es gratuitas no pr\u00f3ximo dia 26, na Arena O Canto da Cidade, em Salvador (BA), e no dia 28,&nbsp; na Arena da Baixada, em&nbsp; Duque de Caxias (RJ).<\/p>\n\n\n\n<p>H\u00e1 tamb\u00e9m shows marcados para ocorrer no Rio de Janeiro, nos dias 16 e 17. Os ingressos j\u00e1 est\u00e3o esgotados. N\u00e3o h\u00e1 informa\u00e7\u00f5es sobre poss\u00edveis cancelamentos devido ao acidente.<\/p>\n\n\n\n<p><em><sub>Por Estad\u00e3o e g1&nbsp;<\/sub><\/em><\/p>\n\n\n\n<p class=\"has-text-align-center\"><strong><em>PUBLICIDADE<\/em><\/strong><\/p>\n\n\n\n<figure class=\"wp-block-image size-large\"><a href=\"https:\/\/www.natal.rn.gov.br\/\"><img loading=\"lazy\" decoding=\"async\" width=\"1024\" height=\"215\" src=\"https:\/\/cafecommessias.com.br\/wp-content\/uploads\/2025\/12\/UD-Banner-ITIV-1190x250px-Todo-Natalense-1-1024x215.gif\" alt=\"\" class=\"wp-image-6326\" srcset=\"https:\/\/cafecommessias.com.br\/wp-content\/uploads\/2025\/12\/UD-Banner-ITIV-1190x250px-Todo-Natalense-1-1024x215.gif 1024w, https:\/\/cafecommessias.com.br\/wp-content\/uploads\/2025\/12\/UD-Banner-ITIV-1190x250px-Todo-Natalense-1-300x63.gif 300w, https:\/\/cafecommessias.com.br\/wp-content\/uploads\/2025\/12\/UD-Banner-ITIV-1190x250px-Todo-Natalense-1-768x161.gif 768w\" sizes=\"auto, (max-width: 1024px) 100vw, 1024px\" \/><\/a><\/figure>\n","protected":false},"excerpt":{"rendered":"<p>O cantor Roberto Carlos&nbsp;sofreu um acidente durante as grava\u00e7\u00f5es do especial de fim de ano da TV Globo. O caso ocorreu durante a madrugada deste domingo, 14, em Gramado, no Rio Grande do Sul. Segundo o Comando Rodovi\u00e1rio da Brigada Militar, o cantor dirigia um Cadillac 1960 em uma subida \u00edngreme. A falha mec\u00e2nica no&#8230;<\/p>\n","protected":false},"author":1,"featured_media":6304,"comment_status":"open","ping_status":"closed","sticky":false,"template":"","format":"standard","meta":{"footnotes":""},"categories":[4,3],"tags":[],"class_list":["post-6303","post","type-post","status-publish","format-standard","has-post-thumbnail","hentry","category-anuncie-aqui","category-geral"],"_links":{"self":[{"href":"https:\/\/cafecommessias.com.br\/index.php?rest_route=\/wp\/v2\/posts\/6303","targetHints":{"allow":["GET"]}}],"collection":[{"href":"https:\/\/cafecommessias.com.br\/index.php?rest_route=\/wp\/v2\/posts"}],"about":[{"href":"https:\/\/cafecommessias.com.br\/index.php?rest_route=\/wp\/v2\/types\/post"}],"author":[{"embeddable":true,"href":"https:\/\/cafecommessias.com.br\/index.php?rest_route=\/wp\/v2\/users\/1"}],"replies":[{"embeddable":true,"href":"https:\/\/cafecommessias.com.br\/index.php?rest_route=%2Fwp%2Fv2%2Fcomments&post=6303"}],"version-history":[{"count":3,"href":"https:\/\/cafecommessias.com.br\/index.php?rest_route=\/wp\/v2\/posts\/6303\/revisions"}],"predecessor-version":[{"id":6328,"href":"https:\/\/cafecommessias.com.br\/index.php?rest_route=\/wp\/v2\/posts\/6303\/revisions\/6328"}],"wp:featuredmedia":[{"embeddable":true,"href":"https:\/\/cafecommessias.com.br\/index.php?rest_route=\/wp\/v2\/media\/6304"}],"wp:attachment":[{"href":"https:\/\/cafecommessias.com.br\/index.php?rest_route=%2Fwp%2Fv2%2Fmedia&parent=6303"}],"wp:term":[{"taxonomy":"category","embeddable":true,"href":"https:\/\/cafecommessias.com.br\/index.php?rest_route=%2Fwp%2Fv2%2Fcategories&post=6303"},{"taxonomy":"post_tag","embeddable":true,"href":"https:\/\/cafecommessias.com.br\/index.php?rest_route=%2Fwp%2Fv2%2Ftags&post=6303"}],"curies":[{"name":"wp","href":"https:\/\/api.w.org\/{rel}","templated":true}]}}