{"id":6315,"date":"2025-12-14T22:45:41","date_gmt":"2025-12-15T01:45:41","guid":{"rendered":"https:\/\/cafecommessias.com.br\/?p=6315"},"modified":"2025-12-15T06:55:32","modified_gmt":"2025-12-15T09:55:32","slug":"carla-zambelli-renuncia-ao-mandato-de-deputada-federal-suplente-e-convocado","status":"publish","type":"post","link":"https:\/\/cafecommessias.com.br\/?p=6315","title":{"rendered":"Carla Zambelli renuncia ao mandato de deputada federal; suplente \u00e9 convocado"},"content":{"rendered":"\n<p>O presidente da C\u00e2mara, Hugo Motta (Republicanos-PB), informou neste domingo (14) que a deputada Carla Zambelli (PL-SP) renunciou ao cargo parlamentar. A decis\u00e3o da parlamentar foi tomada ap\u00f3s uma determina\u00e7\u00e3o do STF (Supremo Tribunal Federal) para que o suplente assumisse o cargo em 48 horas.<\/p>\n\n\n\n<p>Em nota, a C\u00e2mara informou que a deputada comunicou \u00e0 Secretaria-Geral da Mesa a sua ren\u00fancia. \u201cEm decorr\u00eancia disso, o presidente da C\u00e2mara dos Deputados determinou a convoca\u00e7\u00e3o do suplente, deputado Adilson Barroso (PL-SP), para tomar posse\u201d, informou a Casa em nota.<\/p>\n\n\n\n<p>Zambelli est\u00e1 presa desde julho na It\u00e1lia, para onde fugiu ap\u00f3s ser condenada pelo Supremo. A parlamentar se licenciou do cargo entre maio e outubro, mas desde ent\u00e3o tem acumulado faltas. A Constitui\u00e7\u00e3o prev\u00ea a perda de mandato de parlamentares caso se ausentem a um ter\u00e7o das sess\u00f5es no ano.<\/p>\n\n\n\n<p>A Justi\u00e7a italiana deve avaliar na quinta-feira (18) a poss\u00edvel extradi\u00e7\u00e3o de Zambelli. Ela foi condenada a 10 anos de pris\u00e3o por envolvimento na invas\u00e3o de sistemas do CNJ (Conselho Nacional de Justi\u00e7a).<\/p>\n\n\n\n<p>A Primeira Turma do STF decidiu em junho pela perda de mandato da deputada e comunicou a C\u00e2mara. Na \u00e9poca, pressionado pela oposi\u00e7\u00e3o, Hugo Motta decidiu enviar o caso para a CCJ (Comiss\u00e3o de Constitui\u00e7\u00e3o e Justi\u00e7a e de Cidadania).<\/p>\n\n\n<div class=\"wp-block-post-author\"><div class=\"wp-block-post-author__avatar\"><img alt='' src='https:\/\/secure.gravatar.com\/avatar\/a62bcf199877d37056dc55ccc32b6decbd05abb46ce616ef4c38b16491e4d91d?s=48&#038;r=g' srcset='https:\/\/secure.gravatar.com\/avatar\/a62bcf199877d37056dc55ccc32b6decbd05abb46ce616ef4c38b16491e4d91d?s=96&#038;r=g 2x' class='avatar avatar-48 photo' height='48' width='48' \/><\/div><div class=\"wp-block-post-author__content\"><p class=\"wp-block-post-author__name\">Blogcafecommessias<\/p><\/div><\/div>\n\n\n<figure class=\"wp-block-video\"><video height=\"1080\" style=\"aspect-ratio: 1920 \/ 1080;\" width=\"1920\" controls src=\"https:\/\/cafecommessias.com.br\/wp-content\/uploads\/2025\/12\/PUBLI-NATAL-EM-NATAL-VF-2025.mp4\" playsinline><\/video><\/figure>\n","protected":false},"excerpt":{"rendered":"<p>O presidente da C\u00e2mara, Hugo Motta (Republicanos-PB), informou neste domingo (14) que a deputada Carla Zambelli (PL-SP) renunciou ao cargo parlamentar. A decis\u00e3o da parlamentar foi tomada ap\u00f3s uma determina\u00e7\u00e3o do STF (Supremo Tribunal Federal) para que o suplente assumisse o cargo em 48 horas. Em nota, a C\u00e2mara informou que a deputada comunicou \u00e0&#8230;<\/p>\n","protected":false},"author":1,"featured_media":6316,"comment_status":"open","ping_status":"closed","sticky":false,"template":"","format":"standard","meta":{"footnotes":""},"categories":[37],"tags":[],"class_list":["post-6315","post","type-post","status-publish","format-standard","has-post-thumbnail","hentry","category-brasil"],"_links":{"self":[{"href":"https:\/\/cafecommessias.com.br\/index.php?rest_route=\/wp\/v2\/posts\/6315","targetHints":{"allow":["GET"]}}],"collection":[{"href":"https:\/\/cafecommessias.com.br\/index.php?rest_route=\/wp\/v2\/posts"}],"about":[{"href":"https:\/\/cafecommessias.com.br\/index.php?rest_route=\/wp\/v2\/types\/post"}],"author":[{"embeddable":true,"href":"https:\/\/cafecommessias.com.br\/index.php?rest_route=\/wp\/v2\/users\/1"}],"replies":[{"embeddable":true,"href":"https:\/\/cafecommessias.com.br\/index.php?rest_route=%2Fwp%2Fv2%2Fcomments&post=6315"}],"version-history":[{"count":2,"href":"https:\/\/cafecommessias.com.br\/index.php?rest_route=\/wp\/v2\/posts\/6315\/revisions"}],"predecessor-version":[{"id":6325,"href":"https:\/\/cafecommessias.com.br\/index.php?rest_route=\/wp\/v2\/posts\/6315\/revisions\/6325"}],"wp:featuredmedia":[{"embeddable":true,"href":"https:\/\/cafecommessias.com.br\/index.php?rest_route=\/wp\/v2\/media\/6316"}],"wp:attachment":[{"href":"https:\/\/cafecommessias.com.br\/index.php?rest_route=%2Fwp%2Fv2%2Fmedia&parent=6315"}],"wp:term":[{"taxonomy":"category","embeddable":true,"href":"https:\/\/cafecommessias.com.br\/index.php?rest_route=%2Fwp%2Fv2%2Fcategories&post=6315"},{"taxonomy":"post_tag","embeddable":true,"href":"https:\/\/cafecommessias.com.br\/index.php?rest_route=%2Fwp%2Fv2%2Ftags&post=6315"}],"curies":[{"name":"wp","href":"https:\/\/api.w.org\/{rel}","templated":true}]}}