{"id":6319,"date":"2025-12-09T23:34:44","date_gmt":"2025-12-10T02:34:44","guid":{"rendered":"https:\/\/cafecommessias.com.br\/?p=6319"},"modified":"2025-12-16T00:35:26","modified_gmt":"2025-12-16T03:35:26","slug":"copa-do-mundo-de-2026-tera-duas-pausas-para-hidratacao","status":"publish","type":"post","link":"https:\/\/cafecommessias.com.br\/?p=6319","title":{"rendered":"Copa do Mundo de 2026 ter\u00e1 duas pausas para hidrata\u00e7\u00e3o"},"content":{"rendered":"\n<p>A Fifa anunciou durante a Reuni\u00e3o Mundial de Emissoras, realizada em Washington, D.C., que instituir\u00e1 \u201cpausas de hidrata\u00e7\u00e3o\u201d em todas as partidas da Copa do Mundo de 2026. Visando o bem-estar dos jogadores, a federa\u00e7\u00e3o resolveu trazer de volta a medida utilizada no Mundial de Clubes de 2025, j\u00e1 que o torneio mundial acontecer\u00e1 durante o ver\u00e3o nos Estados Unidos, Canad\u00e1 e M\u00e9xico.Play Video<\/p>\n\n\n\n<p>Em todos os jogos, os \u00e1rbitros ir\u00e3o interromper o confronto aos 22 minutos de cada tempo para permitir que os atletas se reidratem. N\u00e3o haver\u00e1 restri\u00e7\u00f5es de temperatura m\u00ednima para a pausa ser aplicada e cada arbitragem deve decidir a forma mais eficaz e justa para aplicar o pequeno intervalo de tr\u00eas minutos.<\/p>\n\n\n\n<p>\u201cObviamente, se houver uma les\u00e3o (paralisa\u00e7\u00e3o) no momento do 20\u00ba ou 21\u00ba minuto e ela persistir, isso ser\u00e1 resolvido imediatamente com o \u00e1rbitro\u201d, ressaltou Manolo Zubiria, Diretor de Torneios dos EUA.<\/p>\n\n\n\n<p>Assim como o calend\u00e1rio, a nova medida busca maximizar o rendimento dos times e priorizar a sa\u00fade dos jogadores ao longo do campeonato. A Fifa garantiu que a a\u00e7\u00e3o foi discutida com um comit\u00ea t\u00e9cnico e reaplicada com base no bom funcionamento que teve durante o Mundial de Clubes, realizado na mesma \u00e9poca nos EUA.<\/p>\n\n\n\n<p>A Copa do Mundo de 2026 est\u00e1 prevista para iniciar em 11 de junho, na Cidade do M\u00e9xico, com a partida entre M\u00e9xico e \u00c1frica do Sul.<\/p>\n\n\n\n<p><sub>por Tribuna do Norte<\/sub><\/p>\n\n\n<div class=\"wp-block-post-author\"><div class=\"wp-block-post-author__avatar\"><img alt='' src='https:\/\/secure.gravatar.com\/avatar\/a62bcf199877d37056dc55ccc32b6decbd05abb46ce616ef4c38b16491e4d91d?s=48&#038;r=g' srcset='https:\/\/secure.gravatar.com\/avatar\/a62bcf199877d37056dc55ccc32b6decbd05abb46ce616ef4c38b16491e4d91d?s=96&#038;r=g 2x' class='avatar avatar-48 photo' height='48' width='48' \/><\/div><div class=\"wp-block-post-author__content\"><p class=\"wp-block-post-author__name\">Blogcafecommessias<\/p><\/div><\/div>\n\n\n<h2 class=\"wp-block-heading has-text-align-center\">PUBLICIDADE<\/h2>\n\n\n\n<figure class=\"wp-block-image size-large\"><img decoding=\"async\" src=\"https:\/\/cafecommessias.com.br\/wp-content\/uploads\/2025\/12\/UD-Banner-ITIV-1190x250px-Todo-Natalense-1-1.gif\" alt=\"\"\/><\/figure>\n","protected":false},"excerpt":{"rendered":"<p>A Fifa anunciou durante a Reuni\u00e3o Mundial de Emissoras, realizada em Washington, D.C., que instituir\u00e1 \u201cpausas de hidrata\u00e7\u00e3o\u201d em todas as partidas da Copa do Mundo de 2026. Visando o bem-estar dos jogadores, a federa\u00e7\u00e3o resolveu trazer de volta a medida utilizada no Mundial de Clubes de 2025, j\u00e1 que o torneio mundial acontecer\u00e1 durante&#8230;<\/p>\n","protected":false},"author":1,"featured_media":6322,"comment_status":"open","ping_status":"open","sticky":false,"template":"","format":"standard","meta":{"footnotes":""},"categories":[4],"tags":[],"class_list":["post-6319","post","type-post","status-publish","format-standard","has-post-thumbnail","hentry","category-anuncie-aqui"],"_links":{"self":[{"href":"https:\/\/cafecommessias.com.br\/index.php?rest_route=\/wp\/v2\/posts\/6319","targetHints":{"allow":["GET"]}}],"collection":[{"href":"https:\/\/cafecommessias.com.br\/index.php?rest_route=\/wp\/v2\/posts"}],"about":[{"href":"https:\/\/cafecommessias.com.br\/index.php?rest_route=\/wp\/v2\/types\/post"}],"author":[{"embeddable":true,"href":"https:\/\/cafecommessias.com.br\/index.php?rest_route=\/wp\/v2\/users\/1"}],"replies":[{"embeddable":true,"href":"https:\/\/cafecommessias.com.br\/index.php?rest_route=%2Fwp%2Fv2%2Fcomments&post=6319"}],"version-history":[{"count":2,"href":"https:\/\/cafecommessias.com.br\/index.php?rest_route=\/wp\/v2\/posts\/6319\/revisions"}],"predecessor-version":[{"id":6527,"href":"https:\/\/cafecommessias.com.br\/index.php?rest_route=\/wp\/v2\/posts\/6319\/revisions\/6527"}],"wp:featuredmedia":[{"embeddable":true,"href":"https:\/\/cafecommessias.com.br\/index.php?rest_route=\/wp\/v2\/media\/6322"}],"wp:attachment":[{"href":"https:\/\/cafecommessias.com.br\/index.php?rest_route=%2Fwp%2Fv2%2Fmedia&parent=6319"}],"wp:term":[{"taxonomy":"category","embeddable":true,"href":"https:\/\/cafecommessias.com.br\/index.php?rest_route=%2Fwp%2Fv2%2Fcategories&post=6319"},{"taxonomy":"post_tag","embeddable":true,"href":"https:\/\/cafecommessias.com.br\/index.php?rest_route=%2Fwp%2Fv2%2Ftags&post=6319"}],"curies":[{"name":"wp","href":"https:\/\/api.w.org\/{rel}","templated":true}]}}