{"id":6407,"date":"2025-12-15T07:17:42","date_gmt":"2025-12-15T10:17:42","guid":{"rendered":"https:\/\/cafecommessias.com.br\/?p=6407"},"modified":"2025-12-15T10:48:42","modified_gmt":"2025-12-15T13:48:42","slug":"governo-lula-gasta-r-182-bilhao-com-viagens-em-11-meses","status":"publish","type":"post","link":"https:\/\/cafecommessias.com.br\/?p=6407","title":{"rendered":"Governo Lula gasta R$ 1,82 bilh\u00e3o com viagens em 11 meses"},"content":{"rendered":"\n<p>O governo do presidente Luiz In\u00e1cio Lula da Silva (PT) gastou mais de R$ 1,82 bilh\u00e3o com viagens oficiais entre janeiro e novembro deste ano. O valor, revelado por dados do Portal da Transpar\u00eancia, inclui despesas com passagens e, principalmente, di\u00e1rias pagas a servidores p\u00fablicos em deslocamentos pelo Brasil e ao exterior.<\/p>\n\n\n\n<p>Do total desembolsado, R$ 1,1 bilh\u00e3o foi destinado ao pagamento de di\u00e1rias, enquanto R$ 712 milh\u00f5es bancaram passagens \u2014 quase todas a\u00e9reas. Outros R$ 9,2 milh\u00f5es aparecem na rubrica de \u201coutros gastos\u201d, que engloba taxas de agenciamento, restitui\u00e7\u00f5es e servi\u00e7os como seguros. As cifras n\u00e3o incluem despesas do presidente da Rep\u00fablica, da primeira-dama, ministros de Estado, chefes de Poder ou integrantes do STF, que utilizam aeronaves da FAB, cujos custos s\u00e3o protegidos por sigilo.<\/p>\n\n\n\n<p>Entre os maiores gastos individuais, chama aten\u00e7\u00e3o o presidente da COP30, o diplomata Andr\u00e9 Corr\u00eaa do Lago, que acumulou mais de R$ 900 mil em despesas com viagens no per\u00edodo. O volume elevado ocorre em meio a cr\u00edticas sobre a expans\u00e3o de compromissos internacionais e agendas oficiais do governo.<\/p>\n\n\n\n<p>Os dados tamb\u00e9m mostram diferen\u00e7as no planejamento das viagens. O gabinete da Vice-Presid\u00eancia aparece como o que menos compra passagens com anteced\u00eancia, o que eleva significativamente os custos. A pr\u00e1tica contribui para bilhetes mais caros e refor\u00e7a questionamentos sobre o controle e a efici\u00eancia dos gastos p\u00fablicos com deslocamentos oficiais.<\/p>\n\n\n\n<p><em><sub>Por Di\u00e1rio do Poder<\/sub><\/em><\/p>\n\n\n\n<p class=\"has-text-align-center\"><strong><em>PUBLICIDADE<\/em><\/strong><\/p>\n\n\n\n<figure class=\"wp-block-image size-large\"><img decoding=\"async\" src=\"https:\/\/cafecommessias.com.br\/wp-content\/uploads\/2025\/12\/UD-Banner-ITIV-1190x250px-Todo-Natalense-3.gif\" alt=\"\"\/><\/figure>\n\n\n<div class=\"wp-block-post-author\"><div class=\"wp-block-post-author__avatar\"><img alt='' src='https:\/\/secure.gravatar.com\/avatar\/a62bcf199877d37056dc55ccc32b6decbd05abb46ce616ef4c38b16491e4d91d?s=48&#038;r=g' srcset='https:\/\/secure.gravatar.com\/avatar\/a62bcf199877d37056dc55ccc32b6decbd05abb46ce616ef4c38b16491e4d91d?s=96&#038;r=g 2x' class='avatar avatar-48 photo' height='48' width='48' \/><\/div><div class=\"wp-block-post-author__content\"><p class=\"wp-block-post-author__name\">Blogcafecommessias<\/p><\/div><\/div>","protected":false},"excerpt":{"rendered":"<p>O governo do presidente Luiz In\u00e1cio Lula da Silva (PT) gastou mais de R$ 1,82 bilh\u00e3o com viagens oficiais entre janeiro e novembro deste ano. O valor, revelado por dados do Portal da Transpar\u00eancia, inclui despesas com passagens e, principalmente, di\u00e1rias pagas a servidores p\u00fablicos em deslocamentos pelo Brasil e ao exterior. Do total desembolsado,&#8230;<\/p>\n","protected":false},"author":1,"featured_media":6408,"comment_status":"open","ping_status":"closed","sticky":false,"template":"","format":"standard","meta":{"footnotes":""},"categories":[37],"tags":[],"class_list":["post-6407","post","type-post","status-publish","format-standard","has-post-thumbnail","hentry","category-brasil"],"_links":{"self":[{"href":"https:\/\/cafecommessias.com.br\/index.php?rest_route=\/wp\/v2\/posts\/6407","targetHints":{"allow":["GET"]}}],"collection":[{"href":"https:\/\/cafecommessias.com.br\/index.php?rest_route=\/wp\/v2\/posts"}],"about":[{"href":"https:\/\/cafecommessias.com.br\/index.php?rest_route=\/wp\/v2\/types\/post"}],"author":[{"embeddable":true,"href":"https:\/\/cafecommessias.com.br\/index.php?rest_route=\/wp\/v2\/users\/1"}],"replies":[{"embeddable":true,"href":"https:\/\/cafecommessias.com.br\/index.php?rest_route=%2Fwp%2Fv2%2Fcomments&post=6407"}],"version-history":[{"count":3,"href":"https:\/\/cafecommessias.com.br\/index.php?rest_route=\/wp\/v2\/posts\/6407\/revisions"}],"predecessor-version":[{"id":6417,"href":"https:\/\/cafecommessias.com.br\/index.php?rest_route=\/wp\/v2\/posts\/6407\/revisions\/6417"}],"wp:featuredmedia":[{"embeddable":true,"href":"https:\/\/cafecommessias.com.br\/index.php?rest_route=\/wp\/v2\/media\/6408"}],"wp:attachment":[{"href":"https:\/\/cafecommessias.com.br\/index.php?rest_route=%2Fwp%2Fv2%2Fmedia&parent=6407"}],"wp:term":[{"taxonomy":"category","embeddable":true,"href":"https:\/\/cafecommessias.com.br\/index.php?rest_route=%2Fwp%2Fv2%2Fcategories&post=6407"},{"taxonomy":"post_tag","embeddable":true,"href":"https:\/\/cafecommessias.com.br\/index.php?rest_route=%2Fwp%2Fv2%2Ftags&post=6407"}],"curies":[{"name":"wp","href":"https:\/\/api.w.org\/{rel}","templated":true}]}}