{"id":6457,"date":"2025-12-15T14:36:28","date_gmt":"2025-12-15T17:36:28","guid":{"rendered":"https:\/\/cafecommessias.com.br\/?p=6457"},"modified":"2025-12-15T14:36:41","modified_gmt":"2025-12-15T17:36:41","slug":"governo-lula-atinge-patamar-inedito-e-acumula-mais-de-50-mil-cargos-comissionados-em-2025","status":"publish","type":"post","link":"https:\/\/cafecommessias.com.br\/?p=6457","title":{"rendered":"Governo Lula atinge patamar in\u00e9dito e acumula mais de 50 mil cargos comissionados em 2025"},"content":{"rendered":"\n<p>O n\u00famero de cargos comissionados na administra\u00e7\u00e3o federal alcan\u00e7ou 50.770 postos em novembro de 2025, o maior patamar da s\u00e9rie hist\u00f3rica, segundo dados oficiais divulgados pelo jornal O Estado de S. Paulo. Desde janeiro de 2023, o governo Lula criou 4,4 mil novos cargos de dire\u00e7\u00e3o, chefia e assessoramento.<\/p>\n\n\n\n<p>Desse total, 53% est\u00e3o na administra\u00e7\u00e3o direta, com vagas distribu\u00eddas entre minist\u00e9rios, autarquias e funda\u00e7\u00f5es. Os \u00f3rg\u00e3os com mais cargos s\u00e3o INSS, Minist\u00e9rio da Fazenda, Pol\u00edcia Federal, Minist\u00e9rio da Gest\u00e3o, IBGE, Minist\u00e9rio da Sa\u00fade e Presid\u00eancia da Rep\u00fablica.<\/p>\n\n\n\n<figure class=\"wp-block-image size-large\"><img loading=\"lazy\" decoding=\"async\" width=\"1024\" height=\"533\" src=\"https:\/\/cafecommessias.com.br\/wp-content\/uploads\/2025\/12\/cargos-publicos-1024x533.webp\" alt=\"\" class=\"wp-image-6458\" srcset=\"https:\/\/cafecommessias.com.br\/wp-content\/uploads\/2025\/12\/cargos-publicos-1024x533.webp 1024w, https:\/\/cafecommessias.com.br\/wp-content\/uploads\/2025\/12\/cargos-publicos-300x156.webp 300w, https:\/\/cafecommessias.com.br\/wp-content\/uploads\/2025\/12\/cargos-publicos-768x400.webp 768w, https:\/\/cafecommessias.com.br\/wp-content\/uploads\/2025\/12\/cargos-publicos.webp 1123w\" sizes=\"auto, (max-width: 1024px) 100vw, 1024px\" \/><\/figure>\n\n\n\n<p>Foto: Reprodu\u00e7\u00e3o\/<em>Estad\u00e3o<\/em>\/Minist\u00e9rio de Gest\u00e3o e da Inova\u00e7\u00e3o<\/p>\n\n\n\n<p>No atual mandato, Lula mant\u00e9m 38 minist\u00e9rios \u2014 que chegaram a 39 durante a emerg\u00eancia no Rio Grande do Sul. J\u00e1 o ex-presidente Jair Bolsonaro encerrou o governo com 23 pastas. Embora Bolsonaro tenha criado 13,4 mil cargos apenas em 2022, o quadro permaneceu est\u00e1vel nos tr\u00eas primeiros anos de sua gest\u00e3o.<\/p>\n\n\n\n<p>Os maiores aumentos de cargos ap\u00f3s a transi\u00e7\u00e3o ocorreram nos minist\u00e9rios da Fazenda, Gest\u00e3o, Agricultura e Trabalho, al\u00e9m de novas pastas reestruturadas. O Minist\u00e9rio da Gest\u00e3o afirma que a expans\u00e3o ocorreu por redistribui\u00e7\u00e3o e transforma\u00e7\u00e3o de cargos j\u00e1 existentes, sem cria\u00e7\u00e3o de novas despesas, e que 80% das fun\u00e7\u00f5es s\u00e3o ocupadas por servidores efetivos.<\/p>\n\n\n\n<p>Apesar disso, os gastos com pessoal cresceram de R$ 369,2 bilh\u00f5es em 2022 para R$ 444,7 bilh\u00f5es em 2025, com previs\u00e3o de atingir R$ 489,5 bilh\u00f5es em 2026, impulsionados por reajustes salariais e novos concursos p\u00fablicos.<\/p>\n\n\n\n<p><em><sub>Por Estad\u00e3o<\/sub><\/em><\/p>\n\n\n\n<p><\/p>\n","protected":false},"excerpt":{"rendered":"<p>O n\u00famero de cargos comissionados na administra\u00e7\u00e3o federal alcan\u00e7ou 50.770 postos em novembro de 2025, o maior patamar da s\u00e9rie hist\u00f3rica, segundo dados oficiais divulgados pelo jornal O Estado de S. Paulo. Desde janeiro de 2023, o governo Lula criou 4,4 mil novos cargos de dire\u00e7\u00e3o, chefia e assessoramento. Desse total, 53% est\u00e3o na administra\u00e7\u00e3o&#8230;<\/p>\n","protected":false},"author":1,"featured_media":6459,"comment_status":"open","ping_status":"closed","sticky":false,"template":"","format":"standard","meta":{"footnotes":""},"categories":[3],"tags":[],"class_list":["post-6457","post","type-post","status-publish","format-standard","has-post-thumbnail","hentry","category-geral"],"_links":{"self":[{"href":"https:\/\/cafecommessias.com.br\/index.php?rest_route=\/wp\/v2\/posts\/6457","targetHints":{"allow":["GET"]}}],"collection":[{"href":"https:\/\/cafecommessias.com.br\/index.php?rest_route=\/wp\/v2\/posts"}],"about":[{"href":"https:\/\/cafecommessias.com.br\/index.php?rest_route=\/wp\/v2\/types\/post"}],"author":[{"embeddable":true,"href":"https:\/\/cafecommessias.com.br\/index.php?rest_route=\/wp\/v2\/users\/1"}],"replies":[{"embeddable":true,"href":"https:\/\/cafecommessias.com.br\/index.php?rest_route=%2Fwp%2Fv2%2Fcomments&post=6457"}],"version-history":[{"count":1,"href":"https:\/\/cafecommessias.com.br\/index.php?rest_route=\/wp\/v2\/posts\/6457\/revisions"}],"predecessor-version":[{"id":6460,"href":"https:\/\/cafecommessias.com.br\/index.php?rest_route=\/wp\/v2\/posts\/6457\/revisions\/6460"}],"wp:featuredmedia":[{"embeddable":true,"href":"https:\/\/cafecommessias.com.br\/index.php?rest_route=\/wp\/v2\/media\/6459"}],"wp:attachment":[{"href":"https:\/\/cafecommessias.com.br\/index.php?rest_route=%2Fwp%2Fv2%2Fmedia&parent=6457"}],"wp:term":[{"taxonomy":"category","embeddable":true,"href":"https:\/\/cafecommessias.com.br\/index.php?rest_route=%2Fwp%2Fv2%2Fcategories&post=6457"},{"taxonomy":"post_tag","embeddable":true,"href":"https:\/\/cafecommessias.com.br\/index.php?rest_route=%2Fwp%2Fv2%2Ftags&post=6457"}],"curies":[{"name":"wp","href":"https:\/\/api.w.org\/{rel}","templated":true}]}}