{"id":6465,"date":"2025-12-15T14:47:19","date_gmt":"2025-12-15T17:47:19","guid":{"rendered":"https:\/\/cafecommessias.com.br\/?p=6465"},"modified":"2025-12-16T00:59:44","modified_gmt":"2025-12-16T03:59:44","slug":"brasileiro-esta-falando-menos-de-politica-no-whatsapp-mostra-estudo","status":"publish","type":"post","link":"https:\/\/cafecommessias.com.br\/?p=6465","title":{"rendered":"Brasileiro est\u00e1 falando menos de pol\u00edtica no WhatsApp, mostra estudo"},"content":{"rendered":"\n<p><strong>O compartilhamento de not\u00edcias de pol\u00edtica est\u00e1 menos frequente em grupos de fam\u00edlia, de amigos e de trabalho no WhatsApp. Al\u00e9m disso, mais da metade das pessoas que participam desses ambientes dizem ter medo de omitir opini\u00e3o.<\/strong><img decoding=\"async\" src=\"https:\/\/agenciabrasil.ebc.com.br\/ebc.png?id=1671965&amp;o=node\"><img decoding=\"async\" src=\"https:\/\/agenciabrasil.ebc.com.br\/ebc.gif?id=1671965&amp;o=node\"><\/p>\n\n\n\n<p>A constata\u00e7\u00e3o faz parte do estudo&nbsp;<strong>Os Vetores da Comunica\u00e7\u00e3o Pol\u00edtica em Aplicativos&nbsp;de Mensagens<\/strong>, divulgado nesta segunda-feira (15).<\/p>\n\n\n\n<p>O levantamento foi feito pelo centro independente de pesquisa&nbsp;InternetLab&nbsp;e pela&nbsp;Rede Conhecimento Social, institui\u00e7\u00f5es sem fins lucrativos.<\/p>\n\n\n\n<p>A pesquisa identificou que&nbsp;<strong>mais da metade das pessoas que usam WhatsApp est\u00e3o em grupos de fam\u00edlia (54%) e de amigos (53%). Mais de um ter\u00e7o (38%) participam de grupos de trabalho.<\/strong><\/p>\n\n\n\n<p><strong>Apenas 6% est\u00e3o em grupos de debates de pol\u00edtica. Em pesquisa realizada em 2020, eram 10%.<\/strong><\/p>\n\n\n\n<p>Ao se debru\u00e7ar sobre o conte\u00fado dos grupos de fam\u00edlia, de amigos e de trabalho, os pesquisadores verificaram que, de 2021 a 2024, caiu a frequ\u00eancia dos que aparecem mensagens sobre pol\u00edtica, pol\u00edticos e governo.<\/p>\n\n\n\n<p><strong>Em 2021, 34% das pessoas diziam que o grupo de fam\u00edlia era no qual mais apareciam esse tipo de not\u00edcias. Em 2024, eram 27%<\/strong>.<\/p>\n\n\n\n<p>Em rela\u00e7\u00e3o aos grupos de amigos, a propor\u00e7\u00e3o caiu de 38% para 24%. Nos de trabalho, de 16% para 11%.<\/p>\n\n\n\n<p>O estudo apresenta depoimentos de alguns dos entrevistados, sem identific\u00e1-los.<\/p>\n\n\n\n<p>\u201cEvitamos falar sobre pol\u00edtica. Acho que todos t\u00eam um senso autorregulador ali,&nbsp;e cada um tenta ter bom senso para n\u00e3o misturar as coisas\u201d, relata sobre o grupo de fam\u00edlia uma mulher de 50 anos, de S\u00e3o Paulo.<\/p>\n\n\n\n<p>As informa\u00e7\u00f5es foram coletadas de forma&nbsp;<em>online<\/em>&nbsp;com 3.113 pessoas com 16 anos ou mais, de 20 de novembro a 10 de dezembro de 2024. Foram ouvidas pessoas de todas as regi\u00f5es do pa\u00eds.<\/p>\n\n\n\n<p><em><sub>Por&nbsp;Ag\u00eancia Brasil<\/sub><\/em><\/p>\n\n\n\n<p class=\"has-text-align-center\"><strong><em>PUBLICIDADE<\/em><\/strong><\/p>\n\n\n\n<figure class=\"wp-block-image size-large\"><a href=\"https:\/\/www.natal.rn.gov.br\/\"><img decoding=\"async\" src=\"https:\/\/cafecommessias.com.br\/wp-content\/uploads\/2025\/12\/UD-Banner-ITIV-1190x250px-Todo-Natalense-1-1.gif\" alt=\"\"\/><\/a><\/figure>\n","protected":false},"excerpt":{"rendered":"<p>O compartilhamento de not\u00edcias de pol\u00edtica est\u00e1 menos frequente em grupos de fam\u00edlia, de amigos e de trabalho no WhatsApp. Al\u00e9m disso, mais da metade das pessoas que participam desses ambientes dizem ter medo de omitir opini\u00e3o. A constata\u00e7\u00e3o faz parte do estudo&nbsp;Os Vetores da Comunica\u00e7\u00e3o Pol\u00edtica em Aplicativos&nbsp;de Mensagens, divulgado nesta segunda-feira (15). O&#8230;<\/p>\n","protected":false},"author":1,"featured_media":6466,"comment_status":"open","ping_status":"closed","sticky":false,"template":"","format":"standard","meta":{"footnotes":""},"categories":[4,3],"tags":[],"class_list":["post-6465","post","type-post","status-publish","format-standard","has-post-thumbnail","hentry","category-anuncie-aqui","category-geral"],"_links":{"self":[{"href":"https:\/\/cafecommessias.com.br\/index.php?rest_route=\/wp\/v2\/posts\/6465","targetHints":{"allow":["GET"]}}],"collection":[{"href":"https:\/\/cafecommessias.com.br\/index.php?rest_route=\/wp\/v2\/posts"}],"about":[{"href":"https:\/\/cafecommessias.com.br\/index.php?rest_route=\/wp\/v2\/types\/post"}],"author":[{"embeddable":true,"href":"https:\/\/cafecommessias.com.br\/index.php?rest_route=\/wp\/v2\/users\/1"}],"replies":[{"embeddable":true,"href":"https:\/\/cafecommessias.com.br\/index.php?rest_route=%2Fwp%2Fv2%2Fcomments&post=6465"}],"version-history":[{"count":3,"href":"https:\/\/cafecommessias.com.br\/index.php?rest_route=\/wp\/v2\/posts\/6465\/revisions"}],"predecessor-version":[{"id":6534,"href":"https:\/\/cafecommessias.com.br\/index.php?rest_route=\/wp\/v2\/posts\/6465\/revisions\/6534"}],"wp:featuredmedia":[{"embeddable":true,"href":"https:\/\/cafecommessias.com.br\/index.php?rest_route=\/wp\/v2\/media\/6466"}],"wp:attachment":[{"href":"https:\/\/cafecommessias.com.br\/index.php?rest_route=%2Fwp%2Fv2%2Fmedia&parent=6465"}],"wp:term":[{"taxonomy":"category","embeddable":true,"href":"https:\/\/cafecommessias.com.br\/index.php?rest_route=%2Fwp%2Fv2%2Fcategories&post=6465"},{"taxonomy":"post_tag","embeddable":true,"href":"https:\/\/cafecommessias.com.br\/index.php?rest_route=%2Fwp%2Fv2%2Ftags&post=6465"}],"curies":[{"name":"wp","href":"https:\/\/api.w.org\/{rel}","templated":true}]}}