{"id":6475,"date":"2025-12-15T14:57:23","date_gmt":"2025-12-15T17:57:23","guid":{"rendered":"https:\/\/cafecommessias.com.br\/?p=6475"},"modified":"2025-12-16T00:58:08","modified_gmt":"2025-12-16T03:58:08","slug":"investigacao-da-pf-aponta-que-grupo-ajudou-ramagem-a-fugir-do-brasil-pela-guiana","status":"publish","type":"post","link":"https:\/\/cafecommessias.com.br\/?p=6475","title":{"rendered":"Investiga\u00e7\u00e3o da PF aponta que grupo ajudou Ramagem a fugir do Brasil pela Guiana"},"content":{"rendered":"\n<p>A Pol\u00edcia Federal avan\u00e7ou na investiga\u00e7\u00e3o sobre a fuga do deputado Alexandre Ramagem (PL-RJ) do Brasil e identificou um grupo suspeito de ter ajudado o parlamentar em Roraima, estado onde ele iniciou a carreira como delegado.<\/p>\n\n\n\n<p>Segundo o diretor-geral da PF, Andrei Rodrigues, Ramagem deixou o pa\u00eds pela Guiana, sem registro em controles migrat\u00f3rios, com aux\u00edlio de terceiros. Um dos suspeitos, filho de um garimpeiro, foi preso no s\u00e1bado (13). Celulares e outros materiais foram apreendidos, e o investigado ser\u00e1 interrogado.<\/p>\n\n\n\n<p>De acordo com a PF, Ramagem teria viajado de Boa Vista a Georgetown por via terrestre e, j\u00e1 na Guiana, usado passaporte diplom\u00e1tico para seguir aos Estados Unidos. A investiga\u00e7\u00e3o apura se h\u00e1 outros envolvidos.<\/p>\n\n\n\n<p>Condenado pelo STF a 16 anos, 1 m\u00eas e 15 dias de pris\u00e3o por tentativa de golpe de Estado, Ramagem \u00e9 considerado foragido. A Corte determinou a entrega do passaporte e a proibi\u00e7\u00e3o de deixar o pa\u00eds, o que n\u00e3o foi cumprido. Segundo apura\u00e7\u00e3o, ele deixou o Brasil em setembro.<\/p>\n\n\n\n<p class=\"has-text-align-center\"><strong><em>PUBLICIDADE<\/em><\/strong><\/p>\n\n\n\n<figure class=\"wp-block-image size-large\"><a href=\"https:\/\/www.natal.rn.gov.br\/\"><img decoding=\"async\" src=\"https:\/\/cafecommessias.com.br\/wp-content\/uploads\/2025\/12\/Banner-natalemnatal-1190x250px-1.gif\" alt=\"\"\/><\/a><\/figure>\n","protected":false},"excerpt":{"rendered":"<p>A Pol\u00edcia Federal avan\u00e7ou na investiga\u00e7\u00e3o sobre a fuga do deputado Alexandre Ramagem (PL-RJ) do Brasil e identificou um grupo suspeito de ter ajudado o parlamentar em Roraima, estado onde ele iniciou a carreira como delegado. Segundo o diretor-geral da PF, Andrei Rodrigues, Ramagem deixou o pa\u00eds pela Guiana, sem registro em controles migrat\u00f3rios, com&#8230;<\/p>\n","protected":false},"author":1,"featured_media":6476,"comment_status":"open","ping_status":"closed","sticky":false,"template":"","format":"standard","meta":{"footnotes":""},"categories":[4,3],"tags":[],"class_list":["post-6475","post","type-post","status-publish","format-standard","has-post-thumbnail","hentry","category-anuncie-aqui","category-geral"],"_links":{"self":[{"href":"https:\/\/cafecommessias.com.br\/index.php?rest_route=\/wp\/v2\/posts\/6475","targetHints":{"allow":["GET"]}}],"collection":[{"href":"https:\/\/cafecommessias.com.br\/index.php?rest_route=\/wp\/v2\/posts"}],"about":[{"href":"https:\/\/cafecommessias.com.br\/index.php?rest_route=\/wp\/v2\/types\/post"}],"author":[{"embeddable":true,"href":"https:\/\/cafecommessias.com.br\/index.php?rest_route=\/wp\/v2\/users\/1"}],"replies":[{"embeddable":true,"href":"https:\/\/cafecommessias.com.br\/index.php?rest_route=%2Fwp%2Fv2%2Fcomments&post=6475"}],"version-history":[{"count":3,"href":"https:\/\/cafecommessias.com.br\/index.php?rest_route=\/wp\/v2\/posts\/6475\/revisions"}],"predecessor-version":[{"id":6533,"href":"https:\/\/cafecommessias.com.br\/index.php?rest_route=\/wp\/v2\/posts\/6475\/revisions\/6533"}],"wp:featuredmedia":[{"embeddable":true,"href":"https:\/\/cafecommessias.com.br\/index.php?rest_route=\/wp\/v2\/media\/6476"}],"wp:attachment":[{"href":"https:\/\/cafecommessias.com.br\/index.php?rest_route=%2Fwp%2Fv2%2Fmedia&parent=6475"}],"wp:term":[{"taxonomy":"category","embeddable":true,"href":"https:\/\/cafecommessias.com.br\/index.php?rest_route=%2Fwp%2Fv2%2Fcategories&post=6475"},{"taxonomy":"post_tag","embeddable":true,"href":"https:\/\/cafecommessias.com.br\/index.php?rest_route=%2Fwp%2Fv2%2Ftags&post=6475"}],"curies":[{"name":"wp","href":"https:\/\/api.w.org\/{rel}","templated":true}]}}